{"id":11881,"date":"2026-03-14T21:57:50","date_gmt":"2026-03-14T20:57:50","guid":{"rendered":"https:\/\/www.fundacionrodriguezacosta.com\/?p=11881"},"modified":"2026-03-14T21:58:44","modified_gmt":"2026-03-14T20:58:44","slug":"dialogos-en-la-fundacion-prehistoria-con-perspectiva-por-que-seguimos-imaginando-el-pasado-solo-en-masculino-21-03-2026","status":"publish","type":"post","link":"https:\/\/www.fundacionrodriguezacosta.com\/en\/blog\/dialogos-en-la-fundacion-prehistoria-con-perspectiva-por-que-seguimos-imaginando-el-pasado-solo-en-masculino-21-03-2026\/","title":{"rendered":"Di\u00e1logos en la Fundaci\u00f3n: &#8220;Prehistoria con Perspectiva: \u00bfpor qu\u00e9 seguimos imaginando el pasado solo en masculino? (21, 03, 2026)"},"content":{"rendered":"\n<p>El pr\u00f3ximo <strong>s\u00e1bado 21 de marzo a las 11:00 h.<\/strong>, celebraremos una nueva edici\u00f3n de los <em>Di\u00e1logos en la Fundaci\u00f3n<\/em>, como actividad conmemorativa del D\u00eda Internacional de la Mujer celebrado el pasado 8 de marzo. <\/p>\n\n\n\n<p>En esta ocasi\u00f3n contaremos con las intervenciones de Francisca Hornos Mata (arque\u00f3loga, gesti\u00f3n del Patrimonio en Ja\u00e9n), Marga S\u00e1nchez Romero (prof\u00aa de arqueolog\u00eda en la Universidad de Granada) y Ana B. Herranz S\u00e1nchez (prof\u00aa del Instituto Universitario de Investigaci\u00f3n en Arqueolog\u00eda Ib\u00e9rica de la Universidad de Ja\u00e9n). Las tres dialogar\u00e1n sobre un tema complejo que afecta al enfoque de la docencia y a la visi\u00f3n social de la mujer, englobado bajo el t\u00edtulo: &#8220;Prehistoria con Perspectiva: \u00bfpor qu\u00e9 seguimos imaginando el pasado solo en masculino?&#8221;<\/p>\n\n\n\n<p>El encuentro tendr\u00e1 lugar en el vest\u00edbulo del carmen de la Fundaci\u00f3n Rodr\u00edguez-Acosta, que tiene un aforo limitado, por lo que los interesados en asistir deber\u00e1n inscribirse antes en el mail actividades@fundacionrodriguezacosta.com <\/p>\n\n\n\n<p>\u00a1Os esperamos!<\/p>\n\n\n\n<figure class=\"wp-block-image size-large\"><img decoding=\"async\" width=\"576\" height=\"1024\" src=\"https:\/\/www.fundacionrodriguezacosta.com\/wp-content\/uploads\/2026\/03\/historia-576x1024.jpg\" alt=\"Di\u00e1logos en la Fundaci\u00f3n 21 marzo 2026\" class=\"wp-image-11877\" srcset=\"https:\/\/www.fundacionrodriguezacosta.com\/wp-content\/uploads\/2026\/03\/historia-576x1024.jpg 576w, https:\/\/www.fundacionrodriguezacosta.com\/wp-content\/uploads\/2026\/03\/historia-169x300.jpg 169w, https:\/\/www.fundacionrodriguezacosta.com\/wp-content\/uploads\/2026\/03\/historia-768x1365.jpg 768w, https:\/\/www.fundacionrodriguezacosta.com\/wp-content\/uploads\/2026\/03\/historia-864x1536.jpg 864w, https:\/\/www.fundacionrodriguezacosta.com\/wp-content\/uploads\/2026\/03\/historia.jpg 1080w\" sizes=\"(max-width: 576px) 100vw, 576px\" \/><\/figure>\n","protected":false},"excerpt":{"rendered":"<p>El pr\u00f3ximo s\u00e1bado 21 de marzo a las 11:00 h., celebraremos una nueva edici\u00f3n de los Di\u00e1logos en la Fundaci\u00f3n, como actividad conmemorativa del D\u00eda &#8230; <\/p>\n<p class=\"read-more-container\"><a title=\"Di\u00e1logos en la Fundaci\u00f3n: &#8220;Prehistoria con Perspectiva: \u00bfpor qu\u00e9 seguimos imaginando el pasado solo en masculino? (21, 03, 2026)\" class=\"read-more button\" href=\"https:\/\/www.fundacionrodriguezacosta.com\/en\/blog\/dialogos-en-la-fundacion-prehistoria-con-perspectiva-por-que-seguimos-imaginando-el-pasado-solo-en-masculino-21-03-2026\/#more-11881\" aria-label=\"Read more about Di\u00e1logos en la Fundaci\u00f3n: &#8220;Prehistoria con Perspectiva: \u00bfpor qu\u00e9 seguimos imaginando el pasado solo en masculino? (21, 03, 2026)\">READ MORE<\/a><\/p>\n","protected":false},"author":4,"featured_media":11879,"comment_status":"closed","ping_status":"0","sticky":false,"template":"","format":"standard","meta":{"_acf_changed":false,"footnotes":""},"categories":[84,44,52],"tags":[19,32,29,33],"class_list":["post-11881","post","type-post","status-publish","format-standard","has-post-thumbnail","hentry","category-actividades-2","category-celebraciones","category-investigacion-2","tag-actividades-culturales","tag-aniversarios-y-efemerides","tag-difusion","tag-investigacion","masonry-post","generate-columns","tablet-grid-50","mobile-grid-100","grid-parent","grid-25"],"acf":[],"_links":{"self":[{"href":"https:\/\/www.fundacionrodriguezacosta.com\/en\/wp-json\/wp\/v2\/posts\/11881","targetHints":{"allow":["GET"]}}],"collection":[{"href":"https:\/\/www.fundacionrodriguezacosta.com\/en\/wp-json\/wp\/v2\/posts"}],"about":[{"href":"https:\/\/www.fundacionrodriguezacosta.com\/en\/wp-json\/wp\/v2\/types\/post"}],"author":[{"embeddable":true,"href":"https:\/\/www.fundacionrodriguezacosta.com\/en\/wp-json\/wp\/v2\/users\/4"}],"replies":[{"embeddable":true,"href":"https:\/\/www.fundacionrodriguezacosta.com\/en\/wp-json\/wp\/v2\/comments?post=11881"}],"version-history":[{"count":4,"href":"https:\/\/www.fundacionrodriguezacosta.com\/en\/wp-json\/wp\/v2\/posts\/11881\/revisions"}],"predecessor-version":[{"id":11887,"href":"https:\/\/www.fundacionrodriguezacosta.com\/en\/wp-json\/wp\/v2\/posts\/11881\/revisions\/11887"}],"wp:featuredmedia":[{"embeddable":true,"href":"https:\/\/www.fundacionrodriguezacosta.com\/en\/wp-json\/wp\/v2\/media\/11879"}],"wp:attachment":[{"href":"https:\/\/www.fundacionrodriguezacosta.com\/en\/wp-json\/wp\/v2\/media?parent=11881"}],"wp:term":[{"taxonomy":"category","embeddable":true,"href":"https:\/\/www.fundacionrodriguezacosta.com\/en\/wp-json\/wp\/v2\/categories?post=11881"},{"taxonomy":"post_tag","embeddable":true,"href":"https:\/\/www.fundacionrodriguezacosta.com\/en\/wp-json\/wp\/v2\/tags?post=11881"}],"curies":[{"name":"wp","href":"https:\/\/api.w.org\/{rel}","templated":true}]}}