{"id":11872,"date":"2026-02-26T13:47:54","date_gmt":"2026-02-26T12:47:54","guid":{"rendered":"https:\/\/www.fundacionrodriguezacosta.com\/?p=11872"},"modified":"2026-02-26T13:48:09","modified_gmt":"2026-02-26T12:48:09","slug":"visitas-gratuitas-para-celebrar-el-dia-de-andalucia-2026-en-la-fundacion-rodriguez-acosta","status":"publish","type":"post","link":"https:\/\/www.fundacionrodriguezacosta.com\/en\/blog\/visitas-gratuitas-para-celebrar-el-dia-de-andalucia-2026-en-la-fundacion-rodriguez-acosta\/","title":{"rendered":"Visitas gratuitas para celebrar el D\u00eda de Andaluc\u00eda 2026 en la Fundaci\u00f3n Rodr\u00edguez-Acosta"},"content":{"rendered":"\n<p>Este pr\u00f3ximo s\u00e1bado 28 de febrero, D\u00eda de Andaluc\u00eda, celebraremos la jornada con pases de visita gratuitos. <\/p>\n\n\n\n<p>Pases de visita: 10:00 h.,  10:30 h., 11:00 h., 11:30 h., 12:00 h., 12:30 h., 13:00 h. y 13:30 h. <\/p>\n\n\n\n<p>Los pases se distribuir\u00e1n a los interesados 15 minutos antes de iniciar la visita en la taquilla de la Fundaci\u00f3n, por orden de llegada. <\/p>\n\n\n\n<p>M\u00e1ximo 2 pases por persona. <\/p>\n\n\n\n<p>El recorrido de la visita ser\u00e1 guiado, y tendr\u00e1 las mismas caracter\u00edsticas que las visitas generales a la Fundaci\u00f3n. <\/p>\n\n\n\n<p>\u00a1Os esperamos!!<\/p>\n\n\n\n<figure class=\"wp-block-image size-large\"><img decoding=\"async\" width=\"576\" height=\"1024\" src=\"https:\/\/www.fundacionrodriguezacosta.com\/wp-content\/uploads\/2026\/02\/28_febrero_historia-576x1024.jpg\" alt=\"Actividades Dia de Andaluc\u00eda 2026\" class=\"wp-image-11870\" srcset=\"https:\/\/www.fundacionrodriguezacosta.com\/wp-content\/uploads\/2026\/02\/28_febrero_historia-576x1024.jpg 576w, https:\/\/www.fundacionrodriguezacosta.com\/wp-content\/uploads\/2026\/02\/28_febrero_historia-169x300.jpg 169w, https:\/\/www.fundacionrodriguezacosta.com\/wp-content\/uploads\/2026\/02\/28_febrero_historia-768x1365.jpg 768w, https:\/\/www.fundacionrodriguezacosta.com\/wp-content\/uploads\/2026\/02\/28_febrero_historia-864x1536.jpg 864w, https:\/\/www.fundacionrodriguezacosta.com\/wp-content\/uploads\/2026\/02\/28_febrero_historia.jpg 1080w\" sizes=\"(max-width: 576px) 100vw, 576px\" \/><\/figure>\n","protected":false},"excerpt":{"rendered":"<p>Este pr\u00f3ximo s\u00e1bado 28 de febrero, D\u00eda de Andaluc\u00eda, celebraremos la jornada con pases de visita gratuitos. Pases de visita: 10:00 h., 10:30 h., 11:00 &#8230; <\/p>\n<p class=\"read-more-container\"><a title=\"Visitas gratuitas para celebrar el D\u00eda de Andaluc\u00eda 2026 en la Fundaci\u00f3n Rodr\u00edguez-Acosta\" class=\"read-more button\" href=\"https:\/\/www.fundacionrodriguezacosta.com\/en\/blog\/visitas-gratuitas-para-celebrar-el-dia-de-andalucia-2026-en-la-fundacion-rodriguez-acosta\/#more-11872\" aria-label=\"Read more about Visitas gratuitas para celebrar el D\u00eda de Andaluc\u00eda 2026 en la Fundaci\u00f3n Rodr\u00edguez-Acosta\">READ MORE<\/a><\/p>\n","protected":false},"author":4,"featured_media":11868,"comment_status":"closed","ping_status":"0","sticky":false,"template":"","format":"standard","meta":{"_acf_changed":false,"footnotes":""},"categories":[84,15],"tags":[19,32,29],"class_list":["post-11872","post","type-post","status-publish","format-standard","has-post-thumbnail","hentry","category-actividades-2","category-novedades","tag-actividades-culturales","tag-aniversarios-y-efemerides","tag-difusion","masonry-post","generate-columns","tablet-grid-50","mobile-grid-100","grid-parent","grid-25"],"acf":[],"_links":{"self":[{"href":"https:\/\/www.fundacionrodriguezacosta.com\/en\/wp-json\/wp\/v2\/posts\/11872","targetHints":{"allow":["GET"]}}],"collection":[{"href":"https:\/\/www.fundacionrodriguezacosta.com\/en\/wp-json\/wp\/v2\/posts"}],"about":[{"href":"https:\/\/www.fundacionrodriguezacosta.com\/en\/wp-json\/wp\/v2\/types\/post"}],"author":[{"embeddable":true,"href":"https:\/\/www.fundacionrodriguezacosta.com\/en\/wp-json\/wp\/v2\/users\/4"}],"replies":[{"embeddable":true,"href":"https:\/\/www.fundacionrodriguezacosta.com\/en\/wp-json\/wp\/v2\/comments?post=11872"}],"version-history":[{"count":1,"href":"https:\/\/www.fundacionrodriguezacosta.com\/en\/wp-json\/wp\/v2\/posts\/11872\/revisions"}],"predecessor-version":[{"id":11873,"href":"https:\/\/www.fundacionrodriguezacosta.com\/en\/wp-json\/wp\/v2\/posts\/11872\/revisions\/11873"}],"wp:featuredmedia":[{"embeddable":true,"href":"https:\/\/www.fundacionrodriguezacosta.com\/en\/wp-json\/wp\/v2\/media\/11868"}],"wp:attachment":[{"href":"https:\/\/www.fundacionrodriguezacosta.com\/en\/wp-json\/wp\/v2\/media?parent=11872"}],"wp:term":[{"taxonomy":"category","embeddable":true,"href":"https:\/\/www.fundacionrodriguezacosta.com\/en\/wp-json\/wp\/v2\/categories?post=11872"},{"taxonomy":"post_tag","embeddable":true,"href":"https:\/\/www.fundacionrodriguezacosta.com\/en\/wp-json\/wp\/v2\/tags?post=11872"}],"curies":[{"name":"wp","href":"https:\/\/api.w.org\/{rel}","templated":true}]}}