{"id":11846,"date":"2026-02-11T12:20:59","date_gmt":"2026-02-11T11:20:59","guid":{"rendered":"https:\/\/www.fundacionrodriguezacosta.com\/?p=11846"},"modified":"2026-02-11T12:22:35","modified_gmt":"2026-02-11T11:22:35","slug":"visita-alumnos-del-master-de-produccion-artistica-de-la-facultad-de-bbaa-de-la-ugr","status":"publish","type":"post","link":"https:\/\/www.fundacionrodriguezacosta.com\/en\/blog\/visita-alumnos-del-master-de-produccion-artistica-de-la-facultad-de-bbaa-de-la-ugr\/","title":{"rendered":"Visita alumnos del Master de Producci\u00f3n Art\u00edstica de la Facultad de BBAA de la UGR"},"content":{"rendered":"\n<p>Ayer martes atendimos la visita de los alumnos de Fotograf\u00eda, del Master de Producci\u00f3n Art\u00edstica de la Facultad de Bellas Artes de Granada, acompa\u00f1ados por sus profesores, Francisco Jos\u00e9 S\u00e1nchez Montalb\u00e1n y Sergio Pereira. <\/p>\n\n\n\n<p>Pese al mal tiempo se trabaj\u00f3 intensamente en el jard\u00edn, explorando las posibilidades lum\u00ednicas y practicando con las c\u00e1maras anal\u00f3gicas. <\/p>\n\n\n\n<p>Os dejamos unas fotograf\u00edas de la visita, realizadas por los profesores.<\/p>\n\n\n\n<p>\u00a1Hasta la pr\u00f3xima!<\/p>\n\n\n\n<figure class=\"wp-block-image size-large\"><img decoding=\"async\" width=\"1024\" height=\"768\" src=\"https:\/\/www.fundacionrodriguezacosta.com\/wp-content\/uploads\/2026\/02\/Foto-10-2-26-22-55-25-1-1-1024x768.jpg\" alt=\"Visita Master Producci\u00f3n Art\u00edstica, Facultad Bellas Artes UGR. Francisco Jos\u00e9 S\u00e1nchez Montalb\u00e1n y Sergio Pereira. Foto: Francisco Jos\u00e9 S\u00e1nchez Montalb\u00e1n\" class=\"wp-image-11840\" srcset=\"https:\/\/www.fundacionrodriguezacosta.com\/wp-content\/uploads\/2026\/02\/Foto-10-2-26-22-55-25-1-1-1024x768.jpg 1024w, https:\/\/www.fundacionrodriguezacosta.com\/wp-content\/uploads\/2026\/02\/Foto-10-2-26-22-55-25-1-1-300x225.jpg 300w, https:\/\/www.fundacionrodriguezacosta.com\/wp-content\/uploads\/2026\/02\/Foto-10-2-26-22-55-25-1-1-768x576.jpg 768w, https:\/\/www.fundacionrodriguezacosta.com\/wp-content\/uploads\/2026\/02\/Foto-10-2-26-22-55-25-1-1-1536x1152.jpg 1536w, https:\/\/www.fundacionrodriguezacosta.com\/wp-content\/uploads\/2026\/02\/Foto-10-2-26-22-55-25-1-1.jpg 2048w\" sizes=\"(max-width: 1024px) 100vw, 1024px\" \/><figcaption class=\"wp-element-caption\">Foto: Francisco Jos\u00e9 S\u00e1nchez Montalb\u00e1n<\/figcaption><\/figure>\n\n\n\n<figure class=\"wp-block-image size-large\"><img decoding=\"async\" width=\"768\" height=\"1024\" src=\"https:\/\/www.fundacionrodriguezacosta.com\/wp-content\/uploads\/2026\/02\/Foto-10-2-26-22-55-25-1-768x1024.jpg\" alt=\"Visita Master Producci\u00f3n Art\u00edstica, Facultad Bellas Artes UGR. Francisco Jos\u00e9 S\u00e1nchez Montalb\u00e1n y Sergio Pereira. Foto: Francisco Jos\u00e9 S\u00e1nchez Montalb\u00e1n\" class=\"wp-image-11842\" srcset=\"https:\/\/www.fundacionrodriguezacosta.com\/wp-content\/uploads\/2026\/02\/Foto-10-2-26-22-55-25-1-768x1024.jpg 768w, https:\/\/www.fundacionrodriguezacosta.com\/wp-content\/uploads\/2026\/02\/Foto-10-2-26-22-55-25-1-225x300.jpg 225w, https:\/\/www.fundacionrodriguezacosta.com\/wp-content\/uploads\/2026\/02\/Foto-10-2-26-22-55-25-1-1152x1536.jpg 1152w, https:\/\/www.fundacionrodriguezacosta.com\/wp-content\/uploads\/2026\/02\/Foto-10-2-26-22-55-25-1.jpg 1536w\" sizes=\"(max-width: 768px) 100vw, 768px\" \/><figcaption class=\"wp-element-caption\">Foto: Francisco Jos\u00e9 S\u00e1nchez Montalb\u00e1n<\/figcaption><\/figure>\n\n\n\n<figure class=\"wp-block-image size-large\"><img decoding=\"async\" width=\"1024\" height=\"1024\" src=\"https:\/\/www.fundacionrodriguezacosta.com\/wp-content\/uploads\/2026\/02\/Foto-10-2-26-21-44-13-1024x1024.jpg\" alt=\"Visita Master Producci\u00f3n Art\u00edstica, Facultad Bellas Artes UGR. Francisco Jos\u00e9 S\u00e1nchez Montalb\u00e1n y Sergio Pereira. Foto: Sergio Pereira\" class=\"wp-image-11826\" srcset=\"https:\/\/www.fundacionrodriguezacosta.com\/wp-content\/uploads\/2026\/02\/Foto-10-2-26-21-44-13-1024x1024.jpg 1024w, https:\/\/www.fundacionrodriguezacosta.com\/wp-content\/uploads\/2026\/02\/Foto-10-2-26-21-44-13-300x300.jpg 300w, https:\/\/www.fundacionrodriguezacosta.com\/wp-content\/uploads\/2026\/02\/Foto-10-2-26-21-44-13-150x150.jpg 150w, https:\/\/www.fundacionrodriguezacosta.com\/wp-content\/uploads\/2026\/02\/Foto-10-2-26-21-44-13-768x768.jpg 768w, https:\/\/www.fundacionrodriguezacosta.com\/wp-content\/uploads\/2026\/02\/Foto-10-2-26-21-44-13-1536x1536.jpg 1536w, https:\/\/www.fundacionrodriguezacosta.com\/wp-content\/uploads\/2026\/02\/Foto-10-2-26-21-44-13.jpg 2048w\" sizes=\"(max-width: 1024px) 100vw, 1024px\" \/><figcaption class=\"wp-element-caption\">Foto: Sergio Pereira<\/figcaption><\/figure>\n\n\n\n<figure class=\"wp-block-image size-large\"><img decoding=\"async\" width=\"1024\" height=\"1024\" src=\"https:\/\/www.fundacionrodriguezacosta.com\/wp-content\/uploads\/2026\/02\/Foto-10-2-26-21-44-14-3-1-1024x1024.jpg\" alt=\"Visita Master Producci\u00f3n Art\u00edstica, Facultad Bellas Artes UGR. Francisco Jos\u00e9 S\u00e1nchez Montalb\u00e1n y Sergio Pereira. Foto: Sergio Pereira\" class=\"wp-image-11832\" srcset=\"https:\/\/www.fundacionrodriguezacosta.com\/wp-content\/uploads\/2026\/02\/Foto-10-2-26-21-44-14-3-1-1024x1024.jpg 1024w, https:\/\/www.fundacionrodriguezacosta.com\/wp-content\/uploads\/2026\/02\/Foto-10-2-26-21-44-14-3-1-300x300.jpg 300w, https:\/\/www.fundacionrodriguezacosta.com\/wp-content\/uploads\/2026\/02\/Foto-10-2-26-21-44-14-3-1-150x150.jpg 150w, https:\/\/www.fundacionrodriguezacosta.com\/wp-content\/uploads\/2026\/02\/Foto-10-2-26-21-44-14-3-1-768x768.jpg 768w, https:\/\/www.fundacionrodriguezacosta.com\/wp-content\/uploads\/2026\/02\/Foto-10-2-26-21-44-14-3-1-1536x1536.jpg 1536w, https:\/\/www.fundacionrodriguezacosta.com\/wp-content\/uploads\/2026\/02\/Foto-10-2-26-21-44-14-3-1.jpg 2048w\" sizes=\"(max-width: 1024px) 100vw, 1024px\" \/><figcaption class=\"wp-element-caption\">Foto: Sergio Pereira<\/figcaption><\/figure>\n\n\n\n<figure class=\"wp-block-image size-large\"><img decoding=\"async\" width=\"1024\" height=\"1024\" src=\"https:\/\/www.fundacionrodriguezacosta.com\/wp-content\/uploads\/2026\/02\/Foto-10-2-26-21-44-14-3-1024x1024.jpg\" alt=\"Visita Master Producci\u00f3n Art\u00edstica, Facultad Bellas Artes UGR. Francisco Jos\u00e9 S\u00e1nchez Montalb\u00e1n y Sergio Pereira. Foto: Sergio Pereira\" class=\"wp-image-11834\" srcset=\"https:\/\/www.fundacionrodriguezacosta.com\/wp-content\/uploads\/2026\/02\/Foto-10-2-26-21-44-14-3-1024x1024.jpg 1024w, https:\/\/www.fundacionrodriguezacosta.com\/wp-content\/uploads\/2026\/02\/Foto-10-2-26-21-44-14-3-300x300.jpg 300w, https:\/\/www.fundacionrodriguezacosta.com\/wp-content\/uploads\/2026\/02\/Foto-10-2-26-21-44-14-3-150x150.jpg 150w, https:\/\/www.fundacionrodriguezacosta.com\/wp-content\/uploads\/2026\/02\/Foto-10-2-26-21-44-14-3-768x768.jpg 768w, https:\/\/www.fundacionrodriguezacosta.com\/wp-content\/uploads\/2026\/02\/Foto-10-2-26-21-44-14-3-1536x1536.jpg 1536w, https:\/\/www.fundacionrodriguezacosta.com\/wp-content\/uploads\/2026\/02\/Foto-10-2-26-21-44-14-3.jpg 2048w\" sizes=\"(max-width: 1024px) 100vw, 1024px\" \/><figcaption class=\"wp-element-caption\">Foto: Sergio Pereira<\/figcaption><\/figure>\n\n\n\n<figure class=\"wp-block-image size-large\"><img decoding=\"async\" width=\"1024\" height=\"1024\" src=\"https:\/\/www.fundacionrodriguezacosta.com\/wp-content\/uploads\/2026\/02\/Foto-10-2-26-21-44-14-4-1-1024x1024.jpg\" alt=\"Visita Master Producci\u00f3n Art\u00edstica, Facultad Bellas Artes UGR. Francisco Jos\u00e9 S\u00e1nchez Montalb\u00e1n y Sergio Pereira. Foto: Sergio Pereira\" class=\"wp-image-11836\" srcset=\"https:\/\/www.fundacionrodriguezacosta.com\/wp-content\/uploads\/2026\/02\/Foto-10-2-26-21-44-14-4-1-1024x1024.jpg 1024w, https:\/\/www.fundacionrodriguezacosta.com\/wp-content\/uploads\/2026\/02\/Foto-10-2-26-21-44-14-4-1-300x300.jpg 300w, https:\/\/www.fundacionrodriguezacosta.com\/wp-content\/uploads\/2026\/02\/Foto-10-2-26-21-44-14-4-1-150x150.jpg 150w, https:\/\/www.fundacionrodriguezacosta.com\/wp-content\/uploads\/2026\/02\/Foto-10-2-26-21-44-14-4-1-768x768.jpg 768w, https:\/\/www.fundacionrodriguezacosta.com\/wp-content\/uploads\/2026\/02\/Foto-10-2-26-21-44-14-4-1-1536x1536.jpg 1536w, https:\/\/www.fundacionrodriguezacosta.com\/wp-content\/uploads\/2026\/02\/Foto-10-2-26-21-44-14-4-1.jpg 2048w\" sizes=\"(max-width: 1024px) 100vw, 1024px\" \/><figcaption class=\"wp-element-caption\">Foto: Sergio Pereira<\/figcaption><\/figure>\n\n\n\n<figure class=\"wp-block-image size-large\"><img decoding=\"async\" width=\"1024\" height=\"1024\" src=\"https:\/\/www.fundacionrodriguezacosta.com\/wp-content\/uploads\/2026\/02\/Foto-10-2-26-21-44-14-5-1024x1024.jpg\" alt=\"Visita Master Producci\u00f3n Art\u00edstica, Facultad Bellas Artes UGR. Francisco Jos\u00e9 S\u00e1nchez Montalb\u00e1n y Sergio Pereira. Foto: Sergio Pereira\" class=\"wp-image-11838\" srcset=\"https:\/\/www.fundacionrodriguezacosta.com\/wp-content\/uploads\/2026\/02\/Foto-10-2-26-21-44-14-5-1024x1024.jpg 1024w, https:\/\/www.fundacionrodriguezacosta.com\/wp-content\/uploads\/2026\/02\/Foto-10-2-26-21-44-14-5-300x300.jpg 300w, https:\/\/www.fundacionrodriguezacosta.com\/wp-content\/uploads\/2026\/02\/Foto-10-2-26-21-44-14-5-150x150.jpg 150w, https:\/\/www.fundacionrodriguezacosta.com\/wp-content\/uploads\/2026\/02\/Foto-10-2-26-21-44-14-5-768x768.jpg 768w, https:\/\/www.fundacionrodriguezacosta.com\/wp-content\/uploads\/2026\/02\/Foto-10-2-26-21-44-14-5-1536x1536.jpg 1536w, https:\/\/www.fundacionrodriguezacosta.com\/wp-content\/uploads\/2026\/02\/Foto-10-2-26-21-44-14-5.jpg 2048w\" sizes=\"(max-width: 1024px) 100vw, 1024px\" \/><figcaption class=\"wp-element-caption\">Foto: Sergio Pereira<\/figcaption><\/figure>\n\n\n\n<figure class=\"wp-block-image size-large\"><img decoding=\"async\" width=\"1024\" height=\"1024\" src=\"https:\/\/www.fundacionrodriguezacosta.com\/wp-content\/uploads\/2026\/02\/Foto-10-2-26-21-44-14-1024x1024.jpg\" alt=\"Visita Master Producci\u00f3n Art\u00edstica, Facultad Bellas Artes UGR. Francisco Jos\u00e9 S\u00e1nchez Montalb\u00e1n y Sergio Pereira. Foto: Sergio Pereira\" class=\"wp-image-11844\" srcset=\"https:\/\/www.fundacionrodriguezacosta.com\/wp-content\/uploads\/2026\/02\/Foto-10-2-26-21-44-14-1024x1024.jpg 1024w, https:\/\/www.fundacionrodriguezacosta.com\/wp-content\/uploads\/2026\/02\/Foto-10-2-26-21-44-14-300x300.jpg 300w, https:\/\/www.fundacionrodriguezacosta.com\/wp-content\/uploads\/2026\/02\/Foto-10-2-26-21-44-14-150x150.jpg 150w, https:\/\/www.fundacionrodriguezacosta.com\/wp-content\/uploads\/2026\/02\/Foto-10-2-26-21-44-14-768x768.jpg 768w, https:\/\/www.fundacionrodriguezacosta.com\/wp-content\/uploads\/2026\/02\/Foto-10-2-26-21-44-14-1536x1536.jpg 1536w, https:\/\/www.fundacionrodriguezacosta.com\/wp-content\/uploads\/2026\/02\/Foto-10-2-26-21-44-14.jpg 2048w\" sizes=\"(max-width: 1024px) 100vw, 1024px\" \/><figcaption class=\"wp-element-caption\">Foto: Sergio Pereira<\/figcaption><\/figure>\n","protected":false},"excerpt":{"rendered":"<p>Ayer martes atendimos la visita de los alumnos de Fotograf\u00eda, del Master de Producci\u00f3n Art\u00edstica de la Facultad de Bellas Artes de Granada, acompa\u00f1ados por &#8230; <\/p>\n<p class=\"read-more-container\"><a title=\"Visita alumnos del Master de Producci\u00f3n Art\u00edstica de la Facultad de BBAA de la UGR\" class=\"read-more button\" href=\"https:\/\/www.fundacionrodriguezacosta.com\/en\/blog\/visita-alumnos-del-master-de-produccion-artistica-de-la-facultad-de-bbaa-de-la-ugr\/#more-11846\" aria-label=\"Read more about Visita alumnos del Master de Producci\u00f3n Art\u00edstica de la Facultad de BBAA de la UGR\">READ MORE<\/a><\/p>\n","protected":false},"author":4,"featured_media":11824,"comment_status":"closed","ping_status":"0","sticky":false,"template":"","format":"standard","meta":{"_acf_changed":false,"footnotes":""},"categories":[84,17,52],"tags":[19,20,33,93],"class_list":["post-11846","post","type-post","status-publish","format-standard","has-post-thumbnail","hentry","category-actividades-2","category-diario-de-la-fundacion","category-investigacion-2","tag-actividades-culturales","tag-comiunicacion","tag-investigacion","tag-ugr","masonry-post","generate-columns","tablet-grid-50","mobile-grid-100","grid-parent","grid-25"],"acf":[],"_links":{"self":[{"href":"https:\/\/www.fundacionrodriguezacosta.com\/en\/wp-json\/wp\/v2\/posts\/11846","targetHints":{"allow":["GET"]}}],"collection":[{"href":"https:\/\/www.fundacionrodriguezacosta.com\/en\/wp-json\/wp\/v2\/posts"}],"about":[{"href":"https:\/\/www.fundacionrodriguezacosta.com\/en\/wp-json\/wp\/v2\/types\/post"}],"author":[{"embeddable":true,"href":"https:\/\/www.fundacionrodriguezacosta.com\/en\/wp-json\/wp\/v2\/users\/4"}],"replies":[{"embeddable":true,"href":"https:\/\/www.fundacionrodriguezacosta.com\/en\/wp-json\/wp\/v2\/comments?post=11846"}],"version-history":[{"count":1,"href":"https:\/\/www.fundacionrodriguezacosta.com\/en\/wp-json\/wp\/v2\/posts\/11846\/revisions"}],"predecessor-version":[{"id":11847,"href":"https:\/\/www.fundacionrodriguezacosta.com\/en\/wp-json\/wp\/v2\/posts\/11846\/revisions\/11847"}],"wp:featuredmedia":[{"embeddable":true,"href":"https:\/\/www.fundacionrodriguezacosta.com\/en\/wp-json\/wp\/v2\/media\/11824"}],"wp:attachment":[{"href":"https:\/\/www.fundacionrodriguezacosta.com\/en\/wp-json\/wp\/v2\/media?parent=11846"}],"wp:term":[{"taxonomy":"category","embeddable":true,"href":"https:\/\/www.fundacionrodriguezacosta.com\/en\/wp-json\/wp\/v2\/categories?post=11846"},{"taxonomy":"post_tag","embeddable":true,"href":"https:\/\/www.fundacionrodriguezacosta.com\/en\/wp-json\/wp\/v2\/tags?post=11846"}],"curies":[{"name":"wp","href":"https:\/\/api.w.org\/{rel}","templated":true}]}}