{"id":11820,"date":"2026-02-07T21:41:00","date_gmt":"2026-02-07T20:41:00","guid":{"rendered":"https:\/\/www.fundacionrodriguezacosta.com\/?p=11820"},"modified":"2026-02-16T10:58:31","modified_gmt":"2026-02-16T09:58:31","slug":"exposicion-miguel-heredia-granada-del-blanco-al-negro-12-febrero-2026","status":"publish","type":"post","link":"https:\/\/www.fundacionrodriguezacosta.com\/en\/blog\/exposicion-miguel-heredia-granada-del-blanco-al-negro-12-febrero-2026\/","title":{"rendered":"Exposici\u00f3n: Miguel Heredia. &#8220;Granada, del Blanco al Negro&#8221; (12, febrero, 2026)"},"content":{"rendered":"\n<p>Miguel Heredia (Cartagena, 1962), cuenta con una dilatada carrera. Ha expuesto en M\u00e9xico, Florida (Estados Unidos) o Par\u00eds, entro otros muchos lugares. Es perito mercantil y diplomado en Ciencias Empresariales en la Escuela Universitaria de Cartagena, pero desde muy joven el pincel y el caballete han sido su pasi\u00f3n. Aprendi\u00f3 de los grandes, en el estudio de los pintores Navarro, Nieto y Luzzy. La orientaci\u00f3n art\u00edstica la adquiri\u00f3 del pintor Enrique Nieto y posteriormente de Juan Manuel Rubio, restaurador del Museo L\u00e1zaro Galdeano de Madrid.<\/p>\n\n\n<div class=\"gb-container gb-container-1c30bfb0\">\n\n<p>\u00c9l define como su elemento predominante, las escenas exteriores en las que destaca el movimiento de los personajes. Esto le brinda la posibilidad de crear un cuadro en el que se pueden plasmar multiplicidad de historias. Define sus obras como &#8220;desfigurativas&#8221;, sin alejarse de la realidad cotidiana. Contempla la armon\u00eda de l\u00edneas y colores aunque para \u00e9l, la pintura no tiene por qu\u00e9 apegarse a lo puramente figurativo.<\/p>\n\n\n\n<figure class=\"wp-block-image size-large\"><img decoding=\"async\" width=\"728\" height=\"1024\" src=\"https:\/\/www.fundacionrodriguezacosta.com\/wp-content\/uploads\/2026\/02\/20250228_125152-728x1024.jpg\" alt=\"Exposici\u00f3n Miguel Heredia \/ 12, febrero 2026\" class=\"wp-image-11818\" srcset=\"https:\/\/www.fundacionrodriguezacosta.com\/wp-content\/uploads\/2026\/02\/20250228_125152-728x1024.jpg 728w, https:\/\/www.fundacionrodriguezacosta.com\/wp-content\/uploads\/2026\/02\/20250228_125152-213x300.jpg 213w, https:\/\/www.fundacionrodriguezacosta.com\/wp-content\/uploads\/2026\/02\/20250228_125152-768x1080.jpg 768w, https:\/\/www.fundacionrodriguezacosta.com\/wp-content\/uploads\/2026\/02\/20250228_125152-1092x1536.jpg 1092w, https:\/\/www.fundacionrodriguezacosta.com\/wp-content\/uploads\/2026\/02\/20250228_125152-1456x2048.jpg 1456w, https:\/\/www.fundacionrodriguezacosta.com\/wp-content\/uploads\/2026\/02\/20250228_125152.jpg 1554w\" sizes=\"(max-width: 728px) 100vw, 728px\" \/><\/figure>\n\n<\/div>\n\n\n<p><\/p>\n\n\n\n<p>Ahora lo podremos ver una muestra de su obra en el vest\u00edbulo de la Fundaci\u00f3n Rodr\u00edguez-Acosta hasta el 12 de mes abril; una selecci\u00f3n de 21 piezas en las que el paisaje de la Alhambra y la propia Fundaci\u00f3n son los protagonistas.<a href=\"https:\/\/www.fundacionrodriguezacosta.com\/wp-content\/uploads\/2026\/02\/NOTA-DE-PRENSA-Exposicion-Miguel-Heredia-12-febrero-2026-1.pdf\"> NOTA PRENSA -> Pinchar Aqu\u00ed<\/a><\/p>\n\n\n\n<p>Con ellas comenzamos este a\u00f1o nuestras &#8220;exposiciones de gabinete&#8221; \u00a1Esperamos que os guste!<\/p>\n\n\n\n<figure class=\"wp-block-image size-large\"><img decoding=\"async\" width=\"566\" height=\"1024\" src=\"https:\/\/www.fundacionrodriguezacosta.com\/wp-content\/uploads\/2026\/02\/GUS_3295-566x1024.jpg\" alt=\"Exposici\u00f3n Miguel Heredia \/ 12, febrero 2026\" class=\"wp-image-11816\" srcset=\"https:\/\/www.fundacionrodriguezacosta.com\/wp-content\/uploads\/2026\/02\/GUS_3295-566x1024.jpg 566w, https:\/\/www.fundacionrodriguezacosta.com\/wp-content\/uploads\/2026\/02\/GUS_3295-166x300.jpg 166w, https:\/\/www.fundacionrodriguezacosta.com\/wp-content\/uploads\/2026\/02\/GUS_3295-768x1388.jpg 768w, https:\/\/www.fundacionrodriguezacosta.com\/wp-content\/uploads\/2026\/02\/GUS_3295-850x1536.jpg 850w, https:\/\/www.fundacionrodriguezacosta.com\/wp-content\/uploads\/2026\/02\/GUS_3295-1133x2048.jpg 1133w, https:\/\/www.fundacionrodriguezacosta.com\/wp-content\/uploads\/2026\/02\/GUS_3295.jpg 1416w\" sizes=\"(max-width: 566px) 100vw, 566px\" \/><\/figure>\n","protected":false},"excerpt":{"rendered":"<p>Miguel Heredia (Cartagena, 1962), cuenta con una dilatada carrera. Ha expuesto en M\u00e9xico, Florida (Estados Unidos) o Par\u00eds, entro otros muchos lugares. Es perito mercantil &#8230; <\/p>\n<p class=\"read-more-container\"><a title=\"Exposici\u00f3n: Miguel Heredia. &#8220;Granada, del Blanco al Negro&#8221; (12, febrero, 2026)\" class=\"read-more button\" href=\"https:\/\/www.fundacionrodriguezacosta.com\/en\/blog\/exposicion-miguel-heredia-granada-del-blanco-al-negro-12-febrero-2026\/#more-11820\" aria-label=\"Read more about Exposici\u00f3n: Miguel Heredia. &#8220;Granada, del Blanco al Negro&#8221; (12, febrero, 2026)\">READ MORE<\/a><\/p>\n","protected":false},"author":4,"featured_media":11814,"comment_status":"closed","ping_status":"0","sticky":false,"template":"","format":"standard","meta":{"_acf_changed":false,"footnotes":""},"categories":[26,84,45],"tags":[19,54,46],"class_list":["post-11820","post","type-post","status-publish","format-standard","has-post-thumbnail","hentry","category-eventos-en-la-fundacion","category-actividades-2","category-exposiciones","tag-actividades-culturales","tag-arte-y-cultura","tag-exposiciones","masonry-post","generate-columns","tablet-grid-50","mobile-grid-100","grid-parent","grid-25"],"acf":[],"_links":{"self":[{"href":"https:\/\/www.fundacionrodriguezacosta.com\/en\/wp-json\/wp\/v2\/posts\/11820","targetHints":{"allow":["GET"]}}],"collection":[{"href":"https:\/\/www.fundacionrodriguezacosta.com\/en\/wp-json\/wp\/v2\/posts"}],"about":[{"href":"https:\/\/www.fundacionrodriguezacosta.com\/en\/wp-json\/wp\/v2\/types\/post"}],"author":[{"embeddable":true,"href":"https:\/\/www.fundacionrodriguezacosta.com\/en\/wp-json\/wp\/v2\/users\/4"}],"replies":[{"embeddable":true,"href":"https:\/\/www.fundacionrodriguezacosta.com\/en\/wp-json\/wp\/v2\/comments?post=11820"}],"version-history":[{"count":5,"href":"https:\/\/www.fundacionrodriguezacosta.com\/en\/wp-json\/wp\/v2\/posts\/11820\/revisions"}],"predecessor-version":[{"id":11865,"href":"https:\/\/www.fundacionrodriguezacosta.com\/en\/wp-json\/wp\/v2\/posts\/11820\/revisions\/11865"}],"wp:featuredmedia":[{"embeddable":true,"href":"https:\/\/www.fundacionrodriguezacosta.com\/en\/wp-json\/wp\/v2\/media\/11814"}],"wp:attachment":[{"href":"https:\/\/www.fundacionrodriguezacosta.com\/en\/wp-json\/wp\/v2\/media?parent=11820"}],"wp:term":[{"taxonomy":"category","embeddable":true,"href":"https:\/\/www.fundacionrodriguezacosta.com\/en\/wp-json\/wp\/v2\/categories?post=11820"},{"taxonomy":"post_tag","embeddable":true,"href":"https:\/\/www.fundacionrodriguezacosta.com\/en\/wp-json\/wp\/v2\/tags?post=11820"}],"curies":[{"name":"wp","href":"https:\/\/api.w.org\/{rel}","templated":true}]}}