{"id":11802,"date":"2026-01-24T20:31:38","date_gmt":"2026-01-24T19:31:38","guid":{"rendered":"https:\/\/www.fundacionrodriguezacosta.com\/?p=11802"},"modified":"2026-01-24T20:35:31","modified_gmt":"2026-01-24T19:35:31","slug":"soledad-sevilla-medalla-de-honor-de-la-fundacion-2025","status":"publish","type":"post","link":"https:\/\/www.fundacionrodriguezacosta.com\/en\/blog\/soledad-sevilla-medalla-de-honor-de-la-fundacion-2025\/","title":{"rendered":"Soledad Sevilla, Medalla de Honor de la Fundaci\u00f3n 2025"},"content":{"rendered":"\n<p>En la reuni\u00f3n de Patronato del pasado 30 de diciembre, entre otros asuntos tratados se acord\u00f3 por unanimidad conceder la Medalla de Honor de la Instituci\u00f3n correspondiente al a\u00f1o 2025 a la artista pl\u00e1stica valenciana Soledad Sevilla Portillo, habi\u00e9ndose fundamentado el motivo de la concesi\u00f3n en raz\u00f3n a su \u201cdestacada y valiosa trayectoria. Sus trabajos la hacen destacar como artista. Tanto en sus instalaciones como en su pintura hay algo de Granada, ciudad a la que est\u00e1 vinculada desde los a\u00f1os 80. Sus obras est\u00e1n presentes en colecciones y museos prestigiosos, tanto nacionales como internacionales lo que la hacen embajadora ejemplar del arte de nuestras formas y paisajes\u201d.<\/p>\n\n\n<div class=\"gb-container gb-container-df075501\">\n\n<p>Soledad Sevilla naci\u00f3 en Valencia en 1944, y desde los a\u00f1os 80 ha tenido vinculaci\u00f3n con Granada y con nuestra instituci\u00f3n. En el a\u00f1o 1988 expone por primera vez en la Fundaci\u00f3n Rodr\u00edguez-Acosta. En 2007 particip\u00f3 en la exposici\u00f3n colectiva \u201cEn amarillo\u201d, tambi\u00e9n en la Fundaci\u00f3n Rodr\u00edguez-Acosta y fue miembro del Patronato de la misma desde 2012 a 2015.<\/p>\n\n\n<div class=\"wp-block-image\">\n<figure class=\"alignleft size-full is-resized\"><img decoding=\"async\" width=\"385\" height=\"385\" src=\"https:\/\/www.fundacionrodriguezacosta.com\/wp-content\/uploads\/2026\/01\/img326-385x385-1.jpg\" alt=\"Soledad Sevilla. Medalla de Honor 2025\" class=\"wp-image-11800\" style=\"width:193px;height:auto\" srcset=\"https:\/\/www.fundacionrodriguezacosta.com\/wp-content\/uploads\/2026\/01\/img326-385x385-1.jpg 385w, https:\/\/www.fundacionrodriguezacosta.com\/wp-content\/uploads\/2026\/01\/img326-385x385-1-300x300.jpg 300w, https:\/\/www.fundacionrodriguezacosta.com\/wp-content\/uploads\/2026\/01\/img326-385x385-1-150x150.jpg 150w\" sizes=\"(max-width: 385px) 100vw, 385px\" \/><\/figure>\n<\/div>\n<\/div>\n\n<div class=\"gb-container gb-container-79cdd8b3\">\n<div class=\"gb-container gb-container-50ab34a0\">\n\n<p>Sus obras la hacen destacar como artista; tanto en instalaciones como en su pintura hay algo de Granada. Es Premio Nacional de Artes Pl\u00e1sticas en 1993, y Medalla de Oro al M\u00e9rito en las Bellas Artes en 2007. Su relaci\u00f3n con Granada y la Alhambra se estrech\u00f3 a comienzos de los a\u00f1os 80, cuando se aloj\u00f3 durante un tiempo en la residencia del carmen de la Fundaci\u00f3n Rodr\u00edguez-Acosta. Se ha dedicado durante toda su vida a la pintura, la realizaci\u00f3n pionera de instalaciones y, durante muchos a\u00f1os, la ense\u00f1anza art\u00edstica en la Universidad de Granada.<\/p>\n\n<\/div>\n<\/div>\n\n\n<p>Desde hace pocos a\u00f1os tiene su estudio en Otura (Granada); una construcci\u00f3n moderna llena de alusiones al paisaje de la vega de Granada que se confunde entre sus cultivos de olivos en las faldas de Sierra Nevada. Su trabajo, y su postura hablan de Granada m\u00e1s all\u00e1 de nuestras fronteras dejando abierta ampliamente la posibilidad de su nominaci\u00f3n. Pr\u00f3ximamente se anunciar\u00e1 la fecha en la que en acto solemne que se celebrar\u00e1 en el recinto de la Fundaci\u00f3n Rodr\u00edguez-Acosta, se har\u00e1 la entrega del galard\u00f3n a la artista.<\/p>\n","protected":false},"excerpt":{"rendered":"<p>En la reuni\u00f3n de Patronato del pasado 30 de diciembre, entre otros asuntos tratados se acord\u00f3 por unanimidad conceder la Medalla de Honor de la &#8230; <\/p>\n<p class=\"read-more-container\"><a title=\"Soledad Sevilla, Medalla de Honor de la Fundaci\u00f3n 2025\" class=\"read-more button\" href=\"https:\/\/www.fundacionrodriguezacosta.com\/en\/blog\/soledad-sevilla-medalla-de-honor-de-la-fundacion-2025\/#more-11802\" aria-label=\"Read more about Soledad Sevilla, Medalla de Honor de la Fundaci\u00f3n 2025\">READ MORE<\/a><\/p>\n","protected":false},"author":4,"featured_media":11804,"comment_status":"closed","ping_status":"0","sticky":false,"template":"","format":"standard","meta":{"_acf_changed":false,"footnotes":""},"categories":[63,84,26,1],"tags":[],"class_list":["post-11802","post","type-post","status-publish","format-standard","has-post-thumbnail","hentry","category-medalla-de-honor","category-actividades-2","category-eventos-en-la-fundacion","category-uncategorized","masonry-post","generate-columns","tablet-grid-50","mobile-grid-100","grid-parent","grid-25"],"acf":[],"_links":{"self":[{"href":"https:\/\/www.fundacionrodriguezacosta.com\/en\/wp-json\/wp\/v2\/posts\/11802","targetHints":{"allow":["GET"]}}],"collection":[{"href":"https:\/\/www.fundacionrodriguezacosta.com\/en\/wp-json\/wp\/v2\/posts"}],"about":[{"href":"https:\/\/www.fundacionrodriguezacosta.com\/en\/wp-json\/wp\/v2\/types\/post"}],"author":[{"embeddable":true,"href":"https:\/\/www.fundacionrodriguezacosta.com\/en\/wp-json\/wp\/v2\/users\/4"}],"replies":[{"embeddable":true,"href":"https:\/\/www.fundacionrodriguezacosta.com\/en\/wp-json\/wp\/v2\/comments?post=11802"}],"version-history":[{"count":4,"href":"https:\/\/www.fundacionrodriguezacosta.com\/en\/wp-json\/wp\/v2\/posts\/11802\/revisions"}],"predecessor-version":[{"id":11810,"href":"https:\/\/www.fundacionrodriguezacosta.com\/en\/wp-json\/wp\/v2\/posts\/11802\/revisions\/11810"}],"wp:featuredmedia":[{"embeddable":true,"href":"https:\/\/www.fundacionrodriguezacosta.com\/en\/wp-json\/wp\/v2\/media\/11804"}],"wp:attachment":[{"href":"https:\/\/www.fundacionrodriguezacosta.com\/en\/wp-json\/wp\/v2\/media?parent=11802"}],"wp:term":[{"taxonomy":"category","embeddable":true,"href":"https:\/\/www.fundacionrodriguezacosta.com\/en\/wp-json\/wp\/v2\/categories?post=11802"},{"taxonomy":"post_tag","embeddable":true,"href":"https:\/\/www.fundacionrodriguezacosta.com\/en\/wp-json\/wp\/v2\/tags?post=11802"}],"curies":[{"name":"wp","href":"https:\/\/api.w.org\/{rel}","templated":true}]}}