{"id":11792,"date":"2026-01-12T17:22:16","date_gmt":"2026-01-12T16:22:16","guid":{"rendered":"https:\/\/www.fundacionrodriguezacosta.com\/?p=11792"},"modified":"2026-01-12T17:22:24","modified_gmt":"2026-01-12T16:22:24","slug":"rodaje-documental-mujeres-en-el-olvido-de-canal-sur-tv","status":"publish","type":"post","link":"https:\/\/www.fundacionrodriguezacosta.com\/en\/blog\/rodaje-documental-mujeres-en-el-olvido-de-canal-sur-tv\/","title":{"rendered":"Rodaje Documental &#8220;Mujeres en el olvido&#8221; de Canal Sur TV"},"content":{"rendered":"\n<p>Esta ma\u00f1ana hemos tenido rodaje de Canal Sur TV, en los jardines de la Fundaci\u00f3n. <\/p>\n\n\n\n<p>En esta ocasi\u00f3n se ha grabado la entrevista al prf. Manuel Titos Mart\u00ednez, que formar\u00e1 parte de una entrega de la serie de documentales que llevan por t\u00edtulo &#8220;Mujeres en el olvido&#8221;, concretamente el episodio dedicado a Teresa de Acosta, un personaje poco conocido cuya actividad se remonta al siglo XVIII.<\/p>\n\n\n\n<p>No desvelamos m\u00e1s sobre el tema que se trata, esperando que os sorprenda a todos tanto como a nosotros.<\/p>\n\n\n\n<p>Gracias a Manuel Guerrero y su equipo por su trabajo profesionalmente dirigido. <\/p>\n\n\n\n<p>Y como siempre un placer tener cerca al prof. Manuel Titos Mart\u00ednez con su discurso impecable cargado de datos y horas de trabajo de archivo. <\/p>\n\n\n\n<p>Esperamos ver pronto el resultado en la televisi\u00f3n.<\/p>\n\n\n<div class=\"gb-container gb-container-71930aae\">\n\n<p>\u00a1Hasta pronto!<\/p>\n\n\n\n<figure class=\"wp-block-image size-large\"><img decoding=\"async\" width=\"766\" height=\"1024\" src=\"https:\/\/www.fundacionrodriguezacosta.com\/wp-content\/uploads\/2026\/01\/Foto-12-1-26-13-52-31-766x1024.jpg\" alt=\"Documental: &quot;Mujeres en el olvido&quot; Canal Sur 21, enero 2026, con Manuel Titos\" class=\"wp-image-11784\" srcset=\"https:\/\/www.fundacionrodriguezacosta.com\/wp-content\/uploads\/2026\/01\/Foto-12-1-26-13-52-31-766x1024.jpg 766w, https:\/\/www.fundacionrodriguezacosta.com\/wp-content\/uploads\/2026\/01\/Foto-12-1-26-13-52-31-224x300.jpg 224w, https:\/\/www.fundacionrodriguezacosta.com\/wp-content\/uploads\/2026\/01\/Foto-12-1-26-13-52-31-768x1027.jpg 768w, https:\/\/www.fundacionrodriguezacosta.com\/wp-content\/uploads\/2026\/01\/Foto-12-1-26-13-52-31-1149x1536.jpg 1149w, https:\/\/www.fundacionrodriguezacosta.com\/wp-content\/uploads\/2026\/01\/Foto-12-1-26-13-52-31-1532x2048.jpg 1532w, https:\/\/www.fundacionrodriguezacosta.com\/wp-content\/uploads\/2026\/01\/Foto-12-1-26-13-52-31.jpg 1915w\" sizes=\"(max-width: 766px) 100vw, 766px\" \/><\/figure>\n\n<\/div>\n\n\n<p><\/p>\n\n\n\n<figure class=\"wp-block-image size-large\"><img decoding=\"async\" width=\"1024\" height=\"766\" src=\"https:\/\/www.fundacionrodriguezacosta.com\/wp-content\/uploads\/2026\/01\/Foto-12-1-26-12-03-23-1024x766.jpg\" alt=\"Documental: &quot;Mujeres en el olvido&quot; Canal Sur 21, enero 2026, con Manuel Titos\" class=\"wp-image-11790\" srcset=\"https:\/\/www.fundacionrodriguezacosta.com\/wp-content\/uploads\/2026\/01\/Foto-12-1-26-12-03-23-1024x766.jpg 1024w, https:\/\/www.fundacionrodriguezacosta.com\/wp-content\/uploads\/2026\/01\/Foto-12-1-26-12-03-23-300x224.jpg 300w, https:\/\/www.fundacionrodriguezacosta.com\/wp-content\/uploads\/2026\/01\/Foto-12-1-26-12-03-23-768x575.jpg 768w, https:\/\/www.fundacionrodriguezacosta.com\/wp-content\/uploads\/2026\/01\/Foto-12-1-26-12-03-23-1536x1149.jpg 1536w, https:\/\/www.fundacionrodriguezacosta.com\/wp-content\/uploads\/2026\/01\/Foto-12-1-26-12-03-23-2048x1532.jpg 2048w\" sizes=\"(max-width: 1024px) 100vw, 1024px\" \/><\/figure>\n","protected":false},"excerpt":{"rendered":"<p>Esta ma\u00f1ana hemos tenido rodaje de Canal Sur TV, en los jardines de la Fundaci\u00f3n. En esta ocasi\u00f3n se ha grabado la entrevista al prf. &#8230; <\/p>\n<p class=\"read-more-container\"><a title=\"Rodaje Documental &#8220;Mujeres en el olvido&#8221; de Canal Sur TV\" class=\"read-more button\" href=\"https:\/\/www.fundacionrodriguezacosta.com\/en\/blog\/rodaje-documental-mujeres-en-el-olvido-de-canal-sur-tv\/#more-11792\" aria-label=\"Read more about Rodaje Documental &#8220;Mujeres en el olvido&#8221; de Canal Sur TV\">READ MORE<\/a><\/p>\n","protected":false},"author":4,"featured_media":11788,"comment_status":"closed","ping_status":"0","sticky":false,"template":"","format":"standard","meta":{"_acf_changed":false,"footnotes":""},"categories":[59,84,17,15],"tags":[19,20,29,33],"class_list":["post-11792","post","type-post","status-publish","format-standard","has-post-thumbnail","hentry","category-prensa-y-comunicacion","category-actividades-2","category-diario-de-la-fundacion","category-novedades","tag-actividades-culturales","tag-comiunicacion","tag-difusion","tag-investigacion","masonry-post","generate-columns","tablet-grid-50","mobile-grid-100","grid-parent","grid-25"],"acf":[],"_links":{"self":[{"href":"https:\/\/www.fundacionrodriguezacosta.com\/en\/wp-json\/wp\/v2\/posts\/11792","targetHints":{"allow":["GET"]}}],"collection":[{"href":"https:\/\/www.fundacionrodriguezacosta.com\/en\/wp-json\/wp\/v2\/posts"}],"about":[{"href":"https:\/\/www.fundacionrodriguezacosta.com\/en\/wp-json\/wp\/v2\/types\/post"}],"author":[{"embeddable":true,"href":"https:\/\/www.fundacionrodriguezacosta.com\/en\/wp-json\/wp\/v2\/users\/4"}],"replies":[{"embeddable":true,"href":"https:\/\/www.fundacionrodriguezacosta.com\/en\/wp-json\/wp\/v2\/comments?post=11792"}],"version-history":[{"count":1,"href":"https:\/\/www.fundacionrodriguezacosta.com\/en\/wp-json\/wp\/v2\/posts\/11792\/revisions"}],"predecessor-version":[{"id":11793,"href":"https:\/\/www.fundacionrodriguezacosta.com\/en\/wp-json\/wp\/v2\/posts\/11792\/revisions\/11793"}],"wp:featuredmedia":[{"embeddable":true,"href":"https:\/\/www.fundacionrodriguezacosta.com\/en\/wp-json\/wp\/v2\/media\/11788"}],"wp:attachment":[{"href":"https:\/\/www.fundacionrodriguezacosta.com\/en\/wp-json\/wp\/v2\/media?parent=11792"}],"wp:term":[{"taxonomy":"category","embeddable":true,"href":"https:\/\/www.fundacionrodriguezacosta.com\/en\/wp-json\/wp\/v2\/categories?post=11792"},{"taxonomy":"post_tag","embeddable":true,"href":"https:\/\/www.fundacionrodriguezacosta.com\/en\/wp-json\/wp\/v2\/tags?post=11792"}],"curies":[{"name":"wp","href":"https:\/\/api.w.org\/{rel}","templated":true}]}}