{"id":11775,"date":"2025-12-14T23:41:58","date_gmt":"2025-12-14T22:41:58","guid":{"rendered":"https:\/\/www.fundacionrodriguezacosta.com\/?p=11775"},"modified":"2025-12-14T23:45:28","modified_gmt":"2025-12-14T22:45:28","slug":"workshop-la-protohistoria-mediterranea-a-debate-ii-fundacion-rodriguez-acosta-15-y-16-de-diciembre-de-2025","status":"publish","type":"post","link":"https:\/\/www.fundacionrodriguezacosta.com\/en\/blog\/workshop-la-protohistoria-mediterranea-a-debate-ii-fundacion-rodriguez-acosta-15-y-16-de-diciembre-de-2025\/","title":{"rendered":"Workshop, La Protohistoria mediterr\u00e1nea a debate II. Fundaci\u00f3n Rodr\u00edguez-Acosta, 15 y 16 de diciembre de 2025."},"content":{"rendered":"<div class=\"gb-container gb-container-deecee50\">\n\n<p>Por segundo a\u00f1o consecutivo, la Fundaci\u00f3n Rodr\u00edguez-Acosta acoge la celebraci\u00f3n de la Reuni\u00f3n internacional de expertos que promueve el Grupo Prometeo Protohistoria del Mediterr\u00e1neo Occidental (HUM-143) de la Universidad de Granada.<\/p>\n\n\n<div class=\"wp-block-image\">\n<figure class=\"alignright size-large is-resized\"><img decoding=\"async\" width=\"1024\" height=\"596\" src=\"https:\/\/www.fundacionrodriguezacosta.com\/wp-content\/uploads\/2025\/12\/Foto-27-11-25-9-49-46-1-1-1024x596.jpg\" alt=\"Reuni\u00f3n de expertos: &quot;El metal y su tecnolog\u00eda ...&quot; 15 y 16 diciembre 2025\" class=\"wp-image-11777\" style=\"width:331px;height:auto\" srcset=\"https:\/\/www.fundacionrodriguezacosta.com\/wp-content\/uploads\/2025\/12\/Foto-27-11-25-9-49-46-1-1-1024x596.jpg 1024w, https:\/\/www.fundacionrodriguezacosta.com\/wp-content\/uploads\/2025\/12\/Foto-27-11-25-9-49-46-1-1-300x175.jpg 300w, https:\/\/www.fundacionrodriguezacosta.com\/wp-content\/uploads\/2025\/12\/Foto-27-11-25-9-49-46-1-1-768x447.jpg 768w, https:\/\/www.fundacionrodriguezacosta.com\/wp-content\/uploads\/2025\/12\/Foto-27-11-25-9-49-46-1-1-1536x895.jpg 1536w, https:\/\/www.fundacionrodriguezacosta.com\/wp-content\/uploads\/2025\/12\/Foto-27-11-25-9-49-46-1-1.jpg 1600w\" sizes=\"(max-width: 1024px) 100vw, 1024px\" \/><\/figure>\n<\/div>\n<\/div>\n\n\n<p>Esta vez reunidos bajo el t\u00edtulo, <em>El Metal y su tecnolog\u00eda, como elemento de contacto entre sociedades y dinamizador de cambios culturales, en el 1er milenio a.C.<\/em> y con los siguientes particptantes: <\/p>\n\n\n\n<p>Andr\u00e9s Mar\u00eda Adroher Auroux (Universidad de Granada)<\/p>\n\n\n\n<p>Araceli Cristo Ropero (Universidad de Granada)<\/p>\n\n\n\n<p>Eduardo Ferrer Albelda (Universidad de Sevilla)<\/p>\n\n\n\n<p>Francisco Jos\u00e9 Garc\u00eda Fern\u00e1ndez (Universidad de Sevilla)<\/p>\n\n\n\n<p>Pablo Gonz\u00e1lez Zambrano (Universidad de Granada)<\/p>\n\n\n\n<p>Javier Jim\u00e9nez \u00c1vila (T. P. Junta de Extremadura)<\/p>\n\n\n\n<p>Francisco Machuca Prieto (Universidad de M\u00e1laga)<\/p>\n\n\n\n<p>Francesca Mermati (T. P. Ministerio de Cultura Italia)<\/p>\n\n\n\n<p>Ana Mar\u00eda Niveau de Villerdary y Mari\u00f1as (Universidad de C\u00e1diz)<\/p>\n\n\n\n<p>Jos\u00e9 Su\u00e1rez Padilla (Universidad de M\u00e1laga)<\/p>\n\n\n\n<p>Clara Toscano P\u00e9rez (Universidad de Huelva)<\/p>\n\n\n\n<p>La &#8220;hoja de ruta&#8221; de la reuni\u00f3n <a href=\"https:\/\/www.fundacionrodriguezacosta.com\/wp-content\/uploads\/2025\/12\/Workshop-texto-reformado.pdf\">puede consultarse aqu\u00ed -><\/a><\/p>\n\n\n\n<p>El contacto entre los primeros grupos de comerciantes provenientes del Mediterr\u00e1neo oriental, tradicionalmente identificados como fenicios, y las poblaciones locales del sur de la pen\u00ednsula ib\u00e9rica entre los siglos IX-VIII a. C. han de enmarcarse en un proceso m\u00e1s amplio y complejo: la constituci\u00f3n del propio Mediterr\u00e1neo como un espacio culturalmente articulado por redes de contactos, intercambios y pr\u00e9stamos de t\u00e9cnicas, ideas y productos entre las distintas comunidades que entraron en relaci\u00f3n, de forma directa o indirecta. En consecuencia, se despoja a la Protohistoria de toda su carga historicista, entendida como un periodo \u201ca caballo\u201d entre la Prehistoria y la Historia marcado por la aparici\u00f3n de la escritura, para pasar a erigirse como un tiempo hist\u00f3rico en el que se teje una densa trama de relaciones que transforma de ra\u00edz los horizontes sociales, econ\u00f3micos y simb\u00f3licos del Mediterr\u00e1neo a lo largo del I milenio a. C.<\/p>\n\n\n\n<p>En estos dos d\u00edas de intenso trabajo se valorar\u00e1n y analizar\u00e1n todos los factores que intervienen en estas transformaciones buscando nuevas l\u00edneas de interpretaci\u00f3n de cara al avance de estos estudios en los pr\u00f3ximos a\u00f1os. <\/p>\n\n\n\n<p>\u00a1Esperamos que sean unas fruct\u00edferas jornadas!<\/p>\n\n\n\n<p><\/p>\n","protected":false},"excerpt":{"rendered":"<p>Por segundo a\u00f1o consecutivo, la Fundaci\u00f3n Rodr\u00edguez-Acosta acoge la celebraci\u00f3n de la Reuni\u00f3n internacional de expertos que promueve el Grupo Prometeo Protohistoria del Mediterr\u00e1neo Occidental &#8230; <\/p>\n<p class=\"read-more-container\"><a title=\"Workshop, La Protohistoria mediterr\u00e1nea a debate II. Fundaci\u00f3n Rodr\u00edguez-Acosta, 15 y 16 de diciembre de 2025.\" class=\"read-more button\" href=\"https:\/\/www.fundacionrodriguezacosta.com\/en\/blog\/workshop-la-protohistoria-mediterranea-a-debate-ii-fundacion-rodriguez-acosta-15-y-16-de-diciembre-de-2025\/#more-11775\" aria-label=\"Read more about Workshop, La Protohistoria mediterr\u00e1nea a debate II. Fundaci\u00f3n Rodr\u00edguez-Acosta, 15 y 16 de diciembre de 2025.\">READ MORE<\/a><\/p>\n","protected":false},"author":4,"featured_media":11771,"comment_status":"closed","ping_status":"0","sticky":false,"template":"","format":"standard","meta":{"_acf_changed":false,"footnotes":""},"categories":[84,26,52],"tags":[19,33],"class_list":["post-11775","post","type-post","status-publish","format-standard","has-post-thumbnail","hentry","category-actividades-2","category-eventos-en-la-fundacion","category-investigacion-2","tag-actividades-culturales","tag-investigacion","masonry-post","generate-columns","tablet-grid-50","mobile-grid-100","grid-parent","grid-25"],"acf":[],"_links":{"self":[{"href":"https:\/\/www.fundacionrodriguezacosta.com\/en\/wp-json\/wp\/v2\/posts\/11775","targetHints":{"allow":["GET"]}}],"collection":[{"href":"https:\/\/www.fundacionrodriguezacosta.com\/en\/wp-json\/wp\/v2\/posts"}],"about":[{"href":"https:\/\/www.fundacionrodriguezacosta.com\/en\/wp-json\/wp\/v2\/types\/post"}],"author":[{"embeddable":true,"href":"https:\/\/www.fundacionrodriguezacosta.com\/en\/wp-json\/wp\/v2\/users\/4"}],"replies":[{"embeddable":true,"href":"https:\/\/www.fundacionrodriguezacosta.com\/en\/wp-json\/wp\/v2\/comments?post=11775"}],"version-history":[{"count":4,"href":"https:\/\/www.fundacionrodriguezacosta.com\/en\/wp-json\/wp\/v2\/posts\/11775\/revisions"}],"predecessor-version":[{"id":11781,"href":"https:\/\/www.fundacionrodriguezacosta.com\/en\/wp-json\/wp\/v2\/posts\/11775\/revisions\/11781"}],"wp:featuredmedia":[{"embeddable":true,"href":"https:\/\/www.fundacionrodriguezacosta.com\/en\/wp-json\/wp\/v2\/media\/11771"}],"wp:attachment":[{"href":"https:\/\/www.fundacionrodriguezacosta.com\/en\/wp-json\/wp\/v2\/media?parent=11775"}],"wp:term":[{"taxonomy":"category","embeddable":true,"href":"https:\/\/www.fundacionrodriguezacosta.com\/en\/wp-json\/wp\/v2\/categories?post=11775"},{"taxonomy":"post_tag","embeddable":true,"href":"https:\/\/www.fundacionrodriguezacosta.com\/en\/wp-json\/wp\/v2\/tags?post=11775"}],"curies":[{"name":"wp","href":"https:\/\/api.w.org\/{rel}","templated":true}]}}