{"id":11762,"date":"2025-12-06T22:03:00","date_gmt":"2025-12-06T21:03:00","guid":{"rendered":"https:\/\/www.fundacionrodriguezacosta.com\/?p=11762"},"modified":"2025-12-06T22:03:06","modified_gmt":"2025-12-06T21:03:06","slug":"talleres-infantiles-navidad-2025-en-la-fundacion-rodriguez-acosta","status":"publish","type":"post","link":"https:\/\/www.fundacionrodriguezacosta.com\/en\/blog\/talleres-infantiles-navidad-2025-en-la-fundacion-rodriguez-acosta\/","title":{"rendered":"Talleres infantiles. Navidad 2025 en la Fundaci\u00f3n Rodr\u00edguez-Acosta"},"content":{"rendered":"\n<p>Esta Navidad los peque\u00f1os en familia podr\u00e1n disfrutar de varias actividades en la Fundaci\u00f3n Rodr\u00edguez-Acosta<\/p>\n\n\n\n<p><strong>Domingo 14 de diciembre<\/strong> : Actividad Familiar. VISITA Y TALLER -> Descubre los secretos del carmen de la Fundaci\u00f3n Rodr\u00edguez-Acosta en una visita familiar en la que mayores y peque\u00f1os disfrutar\u00e1n conociendo galer\u00edas subterr\u00e1neas, estatuas ocultas y todas las curiosidades que se esconden tras los muros blancos. La visita se completa con un taller de creatividad.<\/p>\n\n\n\n<p>Punto de encuentro: Campo del Principe \/ Hora de inicio: 11:00 h. \/ Edad recomendada: a partir de 6 a\u00f1os.<\/p>\n\n\n\n<p><strong>Atenci\u00f3n<\/strong>: esta actividad requiere realizar unos tramos andando y subir escaleras. No adecuada para ni\u00f1os y ni\u00f1as a los que les cueste andar ni para personas con movilidad reducida.<\/p>\n\n\n\n<p><strong>D\u00edas 22, 23 y 29, 30 de diciembre:<\/strong> TALLERES INFANTILES -> En \u201cNavidad entre paisajes\u201d jugaremos con la arquitectura y el paisaje granadino y sus diferentes representaciones. En \u201cNavidad con arte\u201d, nos inspiraremos en la obra del pintor Jos\u00e9 Mar\u00eda Rodr\u00edguez-Acosta y en la de sus coet\u00e1neos, para hacer nuestras propias piezas y cuadernos art\u00edsticos.<\/p>\n\n\n\n<p>Edad recomendada: de 6 a 12 a\u00f1os \/ Horario: 9:30 a 13:30 h.<\/p>\n\n\n\n<p>ACTIVIDADES GRATUITAS<\/p>\n\n\n\n<p><strong>IMPORTANTE<\/strong>: Para todas las actividades es necesaria la inscripci\u00f3n previa en el mail: <strong>educacion@fundacionrodriguezacosta.com<\/strong><\/p>\n\n\n\n<p>\u00a1OS ESPERAMOS!!!<\/p>\n\n\n\n<figure class=\"wp-block-image size-large\"><img decoding=\"async\" width=\"819\" height=\"1024\" src=\"https:\/\/www.fundacionrodriguezacosta.com\/wp-content\/uploads\/2025\/12\/Navidad-Fundacion-Rodriguez-Acosta3-819x1024.jpg\" alt=\"Programa Educativo. Talleres Navidad 2025\" class=\"wp-image-11758\" srcset=\"https:\/\/www.fundacionrodriguezacosta.com\/wp-content\/uploads\/2025\/12\/Navidad-Fundacion-Rodriguez-Acosta3-819x1024.jpg 819w, https:\/\/www.fundacionrodriguezacosta.com\/wp-content\/uploads\/2025\/12\/Navidad-Fundacion-Rodriguez-Acosta3-240x300.jpg 240w, https:\/\/www.fundacionrodriguezacosta.com\/wp-content\/uploads\/2025\/12\/Navidad-Fundacion-Rodriguez-Acosta3-768x960.jpg 768w, https:\/\/www.fundacionrodriguezacosta.com\/wp-content\/uploads\/2025\/12\/Navidad-Fundacion-Rodriguez-Acosta3-1229x1536.jpg 1229w, https:\/\/www.fundacionrodriguezacosta.com\/wp-content\/uploads\/2025\/12\/Navidad-Fundacion-Rodriguez-Acosta3-1638x2048.jpg 1638w, https:\/\/www.fundacionrodriguezacosta.com\/wp-content\/uploads\/2025\/12\/Navidad-Fundacion-Rodriguez-Acosta3.jpg 2048w\" sizes=\"(max-width: 819px) 100vw, 819px\" \/><\/figure>\n","protected":false},"excerpt":{"rendered":"<p>Esta Navidad los peque\u00f1os en familia podr\u00e1n disfrutar de varias actividades en la Fundaci\u00f3n Rodr\u00edguez-Acosta Domingo 14 de diciembre : Actividad Familiar. VISITA Y TALLER &#8230; <\/p>\n<p class=\"read-more-container\"><a title=\"Talleres infantiles. Navidad 2025 en la Fundaci\u00f3n Rodr\u00edguez-Acosta\" class=\"read-more button\" href=\"https:\/\/www.fundacionrodriguezacosta.com\/en\/blog\/talleres-infantiles-navidad-2025-en-la-fundacion-rodriguez-acosta\/#more-11762\" aria-label=\"Read more about Talleres infantiles. Navidad 2025 en la Fundaci\u00f3n Rodr\u00edguez-Acosta\">READ MORE<\/a><\/p>\n","protected":false},"author":4,"featured_media":11768,"comment_status":"closed","ping_status":"0","sticky":false,"template":"","format":"standard","meta":{"_acf_changed":false,"footnotes":""},"categories":[84,41,1],"tags":[39,40],"class_list":["post-11762","post","type-post","status-publish","format-standard","has-post-thumbnail","hentry","category-actividades-2","category-programa-educativo-fra","category-uncategorized","tag-educacion","tag-programa-educativo","masonry-post","generate-columns","tablet-grid-50","mobile-grid-100","grid-parent","grid-25"],"acf":[],"_links":{"self":[{"href":"https:\/\/www.fundacionrodriguezacosta.com\/en\/wp-json\/wp\/v2\/posts\/11762","targetHints":{"allow":["GET"]}}],"collection":[{"href":"https:\/\/www.fundacionrodriguezacosta.com\/en\/wp-json\/wp\/v2\/posts"}],"about":[{"href":"https:\/\/www.fundacionrodriguezacosta.com\/en\/wp-json\/wp\/v2\/types\/post"}],"author":[{"embeddable":true,"href":"https:\/\/www.fundacionrodriguezacosta.com\/en\/wp-json\/wp\/v2\/users\/4"}],"replies":[{"embeddable":true,"href":"https:\/\/www.fundacionrodriguezacosta.com\/en\/wp-json\/wp\/v2\/comments?post=11762"}],"version-history":[{"count":3,"href":"https:\/\/www.fundacionrodriguezacosta.com\/en\/wp-json\/wp\/v2\/posts\/11762\/revisions"}],"predecessor-version":[{"id":11767,"href":"https:\/\/www.fundacionrodriguezacosta.com\/en\/wp-json\/wp\/v2\/posts\/11762\/revisions\/11767"}],"wp:featuredmedia":[{"embeddable":true,"href":"https:\/\/www.fundacionrodriguezacosta.com\/en\/wp-json\/wp\/v2\/media\/11768"}],"wp:attachment":[{"href":"https:\/\/www.fundacionrodriguezacosta.com\/en\/wp-json\/wp\/v2\/media?parent=11762"}],"wp:term":[{"taxonomy":"category","embeddable":true,"href":"https:\/\/www.fundacionrodriguezacosta.com\/en\/wp-json\/wp\/v2\/categories?post=11762"},{"taxonomy":"post_tag","embeddable":true,"href":"https:\/\/www.fundacionrodriguezacosta.com\/en\/wp-json\/wp\/v2\/tags?post=11762"}],"curies":[{"name":"wp","href":"https:\/\/api.w.org\/{rel}","templated":true}]}}