{"id":11713,"date":"2025-11-05T00:09:16","date_gmt":"2025-11-04T23:09:16","guid":{"rendered":"https:\/\/www.fundacionrodriguezacosta.com\/?p=11713"},"modified":"2025-11-05T00:16:49","modified_gmt":"2025-11-04T23:16:49","slug":"mesa-redonda-arqueologia-romana-en-la-ciudad-de-granada-ii-15-nov-2025-actividad-con-motivo-del-dia-internacional-de-patrimonio-mundial","status":"publish","type":"post","link":"https:\/\/www.fundacionrodriguezacosta.com\/en\/blog\/mesa-redonda-arqueologia-romana-en-la-ciudad-de-granada-ii-15-nov-2025-actividad-con-motivo-del-dia-internacional-de-patrimonio-mundial\/","title":{"rendered":"Mesa Redonda: &#8220;Arqueolog\u00eda romana en la ciudad de Granada&#8221; II. 15 nov. 2025 Actividad con motivo del D\u00eda Internacional de Patrimonio Mundial"},"content":{"rendered":"\n<p>El s\u00e1bado 15 de noviembre a las 11:00 h. celebraremos nuestra pr\u00f3xima mesa redonda que llevar\u00e1 por t\u00edtulo: &#8220;Arqueolog\u00eda romana en el ciudad de Granada&#8221;, segunda entrega de la serie \u00bfGranada una ciudad romana?<\/p>\n\n\n\n<p>Encabezan el reparto, Margarita Orfila Pons, cat. jubilada y Acad\u00e9mica, Macarena Bustamante \u00c1lvarez, cat. del Departamento de Prehistoria y Arqueolog\u00eda de la Universidad de Granada y el arque\u00f3logo profesional \u00c1ngel Rodr\u00edguez Aguilera. Todos ellos coordinados por el cat. Andr\u00e9s Mar\u00eda Adroher Auroux que har\u00e1 de moderador, nos transportar\u00e1n a la Granada de principios del siglo XX en la que los restos de edificios hist\u00f3ricos quedaban abandonados, y el subsuelo brindaba oportunidades de hallazgos \u00fanicos, dif\u00edcilmente repetibles. La descripci\u00f3n de este panorama de indudable valor hist\u00f3rico y patrimonial nos acompa\u00f1ar\u00e1 en la ma\u00f1ana del d\u00eda 15, convieti\u00e9ndose en nuestra actividad conmemorativa del D\u00eda Internacional del Patrimonio Mundial 2025 (16 nov.)<\/p>\n\n\n\n<p>Como en otras ocasiones, la mesa redonda se celebrar\u00e1 en el vest\u00edbulo del carmen de la Fundaci\u00f3n. <\/p>\n\n\n\n<p>Por cuestiones de aforo, para asistir es necesaria la inscripci\u00f3n previa en el mail:    actividades@fundacionrodriguezacosta.com  <\/p>\n\n\n\n<p>Os esperamos!<\/p>\n\n\n<div class=\"gb-container gb-container-b258c2a9\">\n\n<figure class=\"wp-block-image size-large\"><img decoding=\"async\" width=\"576\" height=\"1024\" src=\"https:\/\/www.fundacionrodriguezacosta.com\/wp-content\/uploads\/2025\/11\/15_nov-576x1024.jpg\" alt=\"Mesa Redonda 15 nov. 2025 Arqueolog\u00eda Romana en la Ciudad de Granada\" class=\"wp-image-11707\" srcset=\"https:\/\/www.fundacionrodriguezacosta.com\/wp-content\/uploads\/2025\/11\/15_nov-576x1024.jpg 576w, https:\/\/www.fundacionrodriguezacosta.com\/wp-content\/uploads\/2025\/11\/15_nov-169x300.jpg 169w, https:\/\/www.fundacionrodriguezacosta.com\/wp-content\/uploads\/2025\/11\/15_nov-768x1365.jpg 768w, https:\/\/www.fundacionrodriguezacosta.com\/wp-content\/uploads\/2025\/11\/15_nov-864x1536.jpg 864w, https:\/\/www.fundacionrodriguezacosta.com\/wp-content\/uploads\/2025\/11\/15_nov.jpg 1080w\" sizes=\"(max-width: 576px) 100vw, 576px\" \/><\/figure>\n\n<\/div>","protected":false},"excerpt":{"rendered":"<p>El s\u00e1bado 15 de noviembre a las 11:00 h. celebraremos nuestra pr\u00f3xima mesa redonda que llevar\u00e1 por t\u00edtulo: &#8220;Arqueolog\u00eda romana en el ciudad de Granada&#8221;, &#8230; <\/p>\n<p class=\"read-more-container\"><a title=\"Mesa Redonda: &#8220;Arqueolog\u00eda romana en la ciudad de Granada&#8221; II. 15 nov. 2025 Actividad con motivo del D\u00eda Internacional de Patrimonio Mundial\" class=\"read-more button\" href=\"https:\/\/www.fundacionrodriguezacosta.com\/en\/blog\/mesa-redonda-arqueologia-romana-en-la-ciudad-de-granada-ii-15-nov-2025-actividad-con-motivo-del-dia-internacional-de-patrimonio-mundial\/#more-11713\" aria-label=\"Read more about Mesa Redonda: &#8220;Arqueolog\u00eda romana en la ciudad de Granada&#8221; II. 15 nov. 2025 Actividad con motivo del D\u00eda Internacional de Patrimonio Mundial\">READ MORE<\/a><\/p>\n","protected":false},"author":4,"featured_media":11711,"comment_status":"closed","ping_status":"0","sticky":false,"template":"","format":"standard","meta":{"_acf_changed":false,"footnotes":""},"categories":[84,44,52],"tags":[19,32,29,33],"class_list":["post-11713","post","type-post","status-publish","format-standard","has-post-thumbnail","hentry","category-actividades-2","category-celebraciones","category-investigacion-2","tag-actividades-culturales","tag-aniversarios-y-efemerides","tag-difusion","tag-investigacion","masonry-post","generate-columns","tablet-grid-50","mobile-grid-100","grid-parent","grid-25"],"acf":[],"_links":{"self":[{"href":"https:\/\/www.fundacionrodriguezacosta.com\/en\/wp-json\/wp\/v2\/posts\/11713","targetHints":{"allow":["GET"]}}],"collection":[{"href":"https:\/\/www.fundacionrodriguezacosta.com\/en\/wp-json\/wp\/v2\/posts"}],"about":[{"href":"https:\/\/www.fundacionrodriguezacosta.com\/en\/wp-json\/wp\/v2\/types\/post"}],"author":[{"embeddable":true,"href":"https:\/\/www.fundacionrodriguezacosta.com\/en\/wp-json\/wp\/v2\/users\/4"}],"replies":[{"embeddable":true,"href":"https:\/\/www.fundacionrodriguezacosta.com\/en\/wp-json\/wp\/v2\/comments?post=11713"}],"version-history":[{"count":5,"href":"https:\/\/www.fundacionrodriguezacosta.com\/en\/wp-json\/wp\/v2\/posts\/11713\/revisions"}],"predecessor-version":[{"id":11720,"href":"https:\/\/www.fundacionrodriguezacosta.com\/en\/wp-json\/wp\/v2\/posts\/11713\/revisions\/11720"}],"wp:featuredmedia":[{"embeddable":true,"href":"https:\/\/www.fundacionrodriguezacosta.com\/en\/wp-json\/wp\/v2\/media\/11711"}],"wp:attachment":[{"href":"https:\/\/www.fundacionrodriguezacosta.com\/en\/wp-json\/wp\/v2\/media?parent=11713"}],"wp:term":[{"taxonomy":"category","embeddable":true,"href":"https:\/\/www.fundacionrodriguezacosta.com\/en\/wp-json\/wp\/v2\/categories?post=11713"},{"taxonomy":"post_tag","embeddable":true,"href":"https:\/\/www.fundacionrodriguezacosta.com\/en\/wp-json\/wp\/v2\/tags?post=11713"}],"curies":[{"name":"wp","href":"https:\/\/api.w.org\/{rel}","templated":true}]}}