{"id":11679,"date":"2025-09-28T00:26:51","date_gmt":"2025-09-27T22:26:51","guid":{"rendered":"https:\/\/www.fundacionrodriguezacosta.com\/?p=11679"},"modified":"2025-09-28T00:26:56","modified_gmt":"2025-09-27T22:26:56","slug":"mesa-redonda-religiosidad-popular-y-cofradias-pasado-y-presente-de-una-realidad-viva-y-compleja-4-octubre-a-1100-h","status":"publish","type":"post","link":"https:\/\/www.fundacionrodriguezacosta.com\/en\/blog\/mesa-redonda-religiosidad-popular-y-cofradias-pasado-y-presente-de-una-realidad-viva-y-compleja-4-octubre-a-1100-h\/","title":{"rendered":"Mesa Redonda: Religiosidad popular y cofrad\u00edas: pasado y presente de una realidad viva y compleja. 4 octubre, a 11:00 h."},"content":{"rendered":"\n<p>El pr\u00f3ximo s\u00e1bado 4 de octubre celebraremos en la Fundaci\u00f3n una mesa redonda muy especial: Religiosidad popular y cofrad\u00edas: pasado y presente de una realidad viva y compleja\u201d que estar\u00e1 coordinada por el prof. y cat. Miguel Luis L\u00f3pez -Guadalupe.<\/p>\n\n\n\n<p>La mesa redoda se celebrar\u00e1 en el vest\u00edbulo del carmen de la Fundaci\u00f3n contando con la participaci\u00f3n de cuatro especialistas en diversas materias, con la intenci\u00f3n de aportar sus testimonios sobre la realidad cofrade de Granada, en el pasado y en el presente, con su l\u00f3gica proyecci\u00f3n hacia el futuro.<\/p>\n\n\n\n<p>Con los profesores: Mar\u00eda Dolores Blanca L\u00f3pez (restauradora de la Oficina T\u00e9cnica y Taller de restauraci\u00f3n de la Archidi\u00f3cesis de Granada); M\u00aa del Carmen Castilla Vel\u00e1zquez, Dra. Profesora Titular de Antropolog\u00eda (Universidad de Granada);  Francisco Javier Crespo Mu\u00f1oz, Dr. Profesor Asociado de Ciencias y T\u00e9cnicas Historiogr\u00e1ficas (Universidad de Valladolid) y Jefe de secci\u00f3n en el Archivo General de Simancas; Jes\u00fas L\u00f3pez-Guadalupe Prof. Titular de Historia del Arte (Universidad de Granada);  Coord. cient\u00edfico: Miguel Luis L\u00f3pez-Guadalupe<\/p>\n\n\n\n<p>Importante: Por razones de aforo, para poder asistir es necesaria la inscripci\u00f3n previa en el mail: <a href=\"mailto:actividades@fundacionrodriguezacosta.com\">actividades@fundacionrodriguezacosta.com<\/a><\/p>\n\n\n\n<p>\u00a1Os esperamos!<\/p>\n\n\n\n<figure class=\"wp-block-image size-large\"><img decoding=\"async\" width=\"576\" height=\"1024\" src=\"https:\/\/www.fundacionrodriguezacosta.com\/wp-content\/uploads\/2025\/09\/4_oct_v1-576x1024.jpg\" alt=\"Mesa Redonda, Religiosidad popular, cofrad\u00edas, pasado y presente de una realidad viva y compleja\" class=\"wp-image-11681\" srcset=\"https:\/\/www.fundacionrodriguezacosta.com\/wp-content\/uploads\/2025\/09\/4_oct_v1-576x1024.jpg 576w, https:\/\/www.fundacionrodriguezacosta.com\/wp-content\/uploads\/2025\/09\/4_oct_v1-169x300.jpg 169w, https:\/\/www.fundacionrodriguezacosta.com\/wp-content\/uploads\/2025\/09\/4_oct_v1-768x1365.jpg 768w, https:\/\/www.fundacionrodriguezacosta.com\/wp-content\/uploads\/2025\/09\/4_oct_v1-864x1536.jpg 864w, https:\/\/www.fundacionrodriguezacosta.com\/wp-content\/uploads\/2025\/09\/4_oct_v1.jpg 1080w\" sizes=\"(max-width: 576px) 100vw, 576px\" \/><\/figure>\n","protected":false},"excerpt":{"rendered":"<p>El pr\u00f3ximo s\u00e1bado 4 de octubre celebraremos en la Fundaci\u00f3n una mesa redonda muy especial: Religiosidad popular y cofrad\u00edas: pasado y presente de una realidad &#8230; <\/p>\n<p class=\"read-more-container\"><a title=\"Mesa Redonda: Religiosidad popular y cofrad\u00edas: pasado y presente de una realidad viva y compleja. 4 octubre, a 11:00 h.\" class=\"read-more button\" href=\"https:\/\/www.fundacionrodriguezacosta.com\/en\/blog\/mesa-redonda-religiosidad-popular-y-cofradias-pasado-y-presente-de-una-realidad-viva-y-compleja-4-octubre-a-1100-h\/#more-11679\" aria-label=\"Read more about Mesa Redonda: Religiosidad popular y cofrad\u00edas: pasado y presente de una realidad viva y compleja. 4 octubre, a 11:00 h.\">READ MORE<\/a><\/p>\n","protected":false},"author":4,"featured_media":11681,"comment_status":"closed","ping_status":"0","sticky":false,"template":"","format":"standard","meta":{"_acf_changed":false,"footnotes":""},"categories":[84,52,1],"tags":[19,54,29],"class_list":["post-11679","post","type-post","status-publish","format-standard","has-post-thumbnail","hentry","category-actividades-2","category-investigacion-2","category-uncategorized","tag-actividades-culturales","tag-arte-y-cultura","tag-difusion","masonry-post","generate-columns","tablet-grid-50","mobile-grid-100","grid-parent","grid-25"],"acf":[],"_links":{"self":[{"href":"https:\/\/www.fundacionrodriguezacosta.com\/en\/wp-json\/wp\/v2\/posts\/11679","targetHints":{"allow":["GET"]}}],"collection":[{"href":"https:\/\/www.fundacionrodriguezacosta.com\/en\/wp-json\/wp\/v2\/posts"}],"about":[{"href":"https:\/\/www.fundacionrodriguezacosta.com\/en\/wp-json\/wp\/v2\/types\/post"}],"author":[{"embeddable":true,"href":"https:\/\/www.fundacionrodriguezacosta.com\/en\/wp-json\/wp\/v2\/users\/4"}],"replies":[{"embeddable":true,"href":"https:\/\/www.fundacionrodriguezacosta.com\/en\/wp-json\/wp\/v2\/comments?post=11679"}],"version-history":[{"count":4,"href":"https:\/\/www.fundacionrodriguezacosta.com\/en\/wp-json\/wp\/v2\/posts\/11679\/revisions"}],"predecessor-version":[{"id":11687,"href":"https:\/\/www.fundacionrodriguezacosta.com\/en\/wp-json\/wp\/v2\/posts\/11679\/revisions\/11687"}],"wp:featuredmedia":[{"embeddable":true,"href":"https:\/\/www.fundacionrodriguezacosta.com\/en\/wp-json\/wp\/v2\/media\/11681"}],"wp:attachment":[{"href":"https:\/\/www.fundacionrodriguezacosta.com\/en\/wp-json\/wp\/v2\/media?parent=11679"}],"wp:term":[{"taxonomy":"category","embeddable":true,"href":"https:\/\/www.fundacionrodriguezacosta.com\/en\/wp-json\/wp\/v2\/categories?post=11679"},{"taxonomy":"post_tag","embeddable":true,"href":"https:\/\/www.fundacionrodriguezacosta.com\/en\/wp-json\/wp\/v2\/tags?post=11679"}],"curies":[{"name":"wp","href":"https:\/\/api.w.org\/{rel}","templated":true}]}}