{"id":11671,"date":"2025-09-19T23:53:38","date_gmt":"2025-09-19T21:53:38","guid":{"rendered":"https:\/\/www.fundacionrodriguezacosta.com\/?p=11671"},"modified":"2025-09-20T12:18:19","modified_gmt":"2025-09-20T10:18:19","slug":"mesa-redonda-granada-en-la-historia-romana-i-27-sep-2025-a-1100-h","status":"publish","type":"post","link":"https:\/\/www.fundacionrodriguezacosta.com\/en\/blog\/mesa-redonda-granada-en-la-historia-romana-i-27-sep-2025-a-1100-h\/","title":{"rendered":"Mesa redonda: &#8220;Granada en la historia romana&#8221; (I).  27, sep. 2025 a 11:00 h."},"content":{"rendered":"\n<p>El pr\u00f3ximo s\u00e1bado 27 de septiembre, celebraremos una nueva mesa redonda en el vest\u00edbulo del carmen de la Fundaci\u00f3n, esta vez dedicada a la arqueolog\u00eda, concretamente enfocada a la revisi\u00f3n de restos materiales y documentales relacionados con la ciudad romana de Granada. <\/p>\n\n\n\n<p>Para ello contaremos con la presencia de los profesores de la UGR, \u00c1ngel Padilla Arroba, Felix Garc\u00eda Mora y Mauricio Pastor Mu\u00f1oz, que estar\u00e1n coordinados por el prof. Andr\u00e9s Mar\u00eda Adroher Auroux que actuar\u00e1 de moderador del coloquio. <\/p>\n\n\n\n<p>Para no dejar atr\u00e1s la estrecha relaci\u00f3n existente entre el conocimiento de la Granada romana y los estudios de los G\u00f3mez-Moreno, hemos elegido como ilustraci\u00f3n del cartel anunciador de esta actividad, una fotograf\u00eda de nuestro Archivo del Instituto G\u00f3mez-Moreno, que se realiz\u00f3 a final del siglo XIX en la casa de Manuel G\u00f3mez-Moreno Gonz\u00e1lez (el padre), en la plaza de San Jos\u00e9, en la que aparece una de las piezas m\u00e1s emblem\u00e1ticas que el propio Manuel G\u00f3mez-Moreno rescat\u00f3 en la calle Sancti Spiritu, y que posteriormente pas\u00f3 a formar parte de los fondos del Museo Arqueol\u00f3gico de Granada: el sarc\u00f3fago de los bucr\u00e1neos.<\/p>\n\n\n\n<p>Con esta mesa redonda iniciamos la serie <em>\u00bfGranada una ciudad romana?<\/em> que dedicaremos a estos temas, apasionantes y actuales, ya que los trabajos arqueol\u00f3gicos siguen sacando a la luz restos de la \u00e9poca Antigua de nuestra ciudad que mantienen vivas las aportaciones y reconstrucciones de la misma.<\/p>\n\n\n\n<p>Por razones de aforo, para asistir y acompa\u00f1arnos el s\u00e1bado 27 de septiembre, es necesaria la inscripci\u00f3n previa en el mail: actividades@fundacionrodriguezacosta.com<\/p>\n\n\n\n<p>\u00a1Os esperamos!<\/p>\n\n\n\n<figure class=\"wp-block-image size-large\"><img decoding=\"async\" width=\"576\" height=\"1024\" src=\"https:\/\/www.fundacionrodriguezacosta.com\/wp-content\/uploads\/2025\/09\/Invitacion-27_sept-576x1024.jpg\" alt=\"Mesa redonda &quot;Granada en la historia romana&quot;. 27 septiembre 2025\" class=\"wp-image-11667\" srcset=\"https:\/\/www.fundacionrodriguezacosta.com\/wp-content\/uploads\/2025\/09\/Invitacion-27_sept-576x1024.jpg 576w, https:\/\/www.fundacionrodriguezacosta.com\/wp-content\/uploads\/2025\/09\/Invitacion-27_sept-169x300.jpg 169w, https:\/\/www.fundacionrodriguezacosta.com\/wp-content\/uploads\/2025\/09\/Invitacion-27_sept-768x1365.jpg 768w, https:\/\/www.fundacionrodriguezacosta.com\/wp-content\/uploads\/2025\/09\/Invitacion-27_sept-864x1536.jpg 864w, https:\/\/www.fundacionrodriguezacosta.com\/wp-content\/uploads\/2025\/09\/Invitacion-27_sept.jpg 1080w\" sizes=\"(max-width: 576px) 100vw, 576px\" \/><\/figure>\n","protected":false},"excerpt":{"rendered":"<p>El pr\u00f3ximo s\u00e1bado 27 de septiembre, celebraremos una nueva mesa redonda en el vest\u00edbulo del carmen de la Fundaci\u00f3n, esta vez dedicada a la arqueolog\u00eda, &#8230; <\/p>\n<p class=\"read-more-container\"><a title=\"Mesa redonda: &#8220;Granada en la historia romana&#8221; (I).  27, sep. 2025 a 11:00 h.\" class=\"read-more button\" href=\"https:\/\/www.fundacionrodriguezacosta.com\/en\/blog\/mesa-redonda-granada-en-la-historia-romana-i-27-sep-2025-a-1100-h\/#more-11671\" aria-label=\"Read more about Mesa redonda: &#8220;Granada en la historia romana&#8221; (I).  27, sep. 2025 a 11:00 h.\">READ MORE<\/a><\/p>\n","protected":false},"author":4,"featured_media":11674,"comment_status":"closed","ping_status":"0","sticky":false,"template":"","format":"standard","meta":{"_acf_changed":false,"footnotes":""},"categories":[84,52],"tags":[19,29,33],"class_list":["post-11671","post","type-post","status-publish","format-standard","has-post-thumbnail","hentry","category-actividades-2","category-investigacion-2","tag-actividades-culturales","tag-difusion","tag-investigacion","masonry-post","generate-columns","tablet-grid-50","mobile-grid-100","grid-parent","grid-25"],"acf":[],"_links":{"self":[{"href":"https:\/\/www.fundacionrodriguezacosta.com\/en\/wp-json\/wp\/v2\/posts\/11671","targetHints":{"allow":["GET"]}}],"collection":[{"href":"https:\/\/www.fundacionrodriguezacosta.com\/en\/wp-json\/wp\/v2\/posts"}],"about":[{"href":"https:\/\/www.fundacionrodriguezacosta.com\/en\/wp-json\/wp\/v2\/types\/post"}],"author":[{"embeddable":true,"href":"https:\/\/www.fundacionrodriguezacosta.com\/en\/wp-json\/wp\/v2\/users\/4"}],"replies":[{"embeddable":true,"href":"https:\/\/www.fundacionrodriguezacosta.com\/en\/wp-json\/wp\/v2\/comments?post=11671"}],"version-history":[{"count":3,"href":"https:\/\/www.fundacionrodriguezacosta.com\/en\/wp-json\/wp\/v2\/posts\/11671\/revisions"}],"predecessor-version":[{"id":11676,"href":"https:\/\/www.fundacionrodriguezacosta.com\/en\/wp-json\/wp\/v2\/posts\/11671\/revisions\/11676"}],"wp:featuredmedia":[{"embeddable":true,"href":"https:\/\/www.fundacionrodriguezacosta.com\/en\/wp-json\/wp\/v2\/media\/11674"}],"wp:attachment":[{"href":"https:\/\/www.fundacionrodriguezacosta.com\/en\/wp-json\/wp\/v2\/media?parent=11671"}],"wp:term":[{"taxonomy":"category","embeddable":true,"href":"https:\/\/www.fundacionrodriguezacosta.com\/en\/wp-json\/wp\/v2\/categories?post=11671"},{"taxonomy":"post_tag","embeddable":true,"href":"https:\/\/www.fundacionrodriguezacosta.com\/en\/wp-json\/wp\/v2\/tags?post=11671"}],"curies":[{"name":"wp","href":"https:\/\/api.w.org\/{rel}","templated":true}]}}