{"id":11643,"date":"2025-09-07T00:21:15","date_gmt":"2025-09-06T22:21:15","guid":{"rendered":"https:\/\/www.fundacionrodriguezacosta.com\/?p=11643"},"modified":"2025-09-18T09:58:19","modified_gmt":"2025-09-18T07:58:19","slug":"inauguracion-exposicion-en-blanco-inedito-fotografias-de-francisco-fernandez-sanchez","status":"publish","type":"post","link":"https:\/\/www.fundacionrodriguezacosta.com\/en\/blog\/inauguracion-exposicion-en-blanco-inedito-fotografias-de-francisco-fernandez-sanchez\/","title":{"rendered":"Inauguraci\u00f3n Exposici\u00f3n &#8220;En Blanco In\u00e9dito&#8221; Fotograf\u00edas de Francisco Fern\u00e1ndez S\u00e1nchez"},"content":{"rendered":"\n<p>Ya estamos preparando nuestra pr\u00f3xima exposici\u00f3n que en esta ocasi\u00f3n estar\u00e1 dedicada a la fotograf\u00eda. Nuestro peque\u00f1o homenaje a uno de los artistas pl\u00e1sticos m\u00e1s vinculado al carmen de la Fundaci\u00f3n en estos \u00faltimos a\u00f1os: Francisco Fern\u00e1ndez S\u00e1nchez<\/p>\n\n\n\n<p>&#8220;En Blanco In\u00e9dito&#8221; naci\u00f3 como iniciativa de uno de los disc\u00edpulos m\u00e1s cercanos a Paco Fern\u00e1ndez: Francisco Jos\u00e9 S\u00e1nchez Montalb\u00e1n y Junto a \u00e9l Rafael Peralbo, ambos comisarios de la muestra. <\/p>\n\n\n\n<p>Entre las fotograf\u00edas podr\u00e1n verse algunas que se quedaron sin exponer en el a\u00f1o 2001, con motivo de la publicaci\u00f3n y exposici\u00f3n del libro con texto de Rafael Moneo; otras son retratos de Miguel Rodr\u00edguez-Acosta Carlstr\u00f6m al que le un\u00eda un gran amistad. <\/p>\n\n\n\n<p>Con todas ellas organizamos la muestra el jueves 18 de septiembre a las 18:30 h. <a href=\"https:\/\/www.calameo.com\/books\/0050677095faf7b95ccfd\" target=\"_blank\" rel=\"noopener\">Pronto os presentaremos el cat\u00e1logo. <\/a><\/p>\n\n\n\n<p><a href=\"https:\/\/www.lavanguardia.com\/local\/sevilla\/20250917\/11070088\/fundacion-rodriguez-acosta-inaugura-jueves-exposicion-fotografias-francisco-fernandez-agenciaslv20250917.html\" target=\"_blank\" rel=\"noopener\">La Fundaci\u00f3n Rodr\u00edguez-Acosta inaugura este jueves una exposici\u00f3n de fotograf\u00edas de Francisco Fern\u00e1ndez<\/a><\/p>\n\n\n\n<p>\u00a1No te la pierdas!<\/p>\n\n\n\n<figure class=\"wp-block-image size-large\"><img decoding=\"async\" width=\"576\" height=\"1024\" src=\"https:\/\/www.fundacionrodriguezacosta.com\/wp-content\/uploads\/2025\/09\/INVITACION-1-576x1024.jpg\" alt=\"En Blanco In\u00e9dito Exposici\u00f3n 28 septiembre 2025\" class=\"wp-image-11647\" srcset=\"https:\/\/www.fundacionrodriguezacosta.com\/wp-content\/uploads\/2025\/09\/INVITACION-1-576x1024.jpg 576w, https:\/\/www.fundacionrodriguezacosta.com\/wp-content\/uploads\/2025\/09\/INVITACION-1-169x300.jpg 169w, https:\/\/www.fundacionrodriguezacosta.com\/wp-content\/uploads\/2025\/09\/INVITACION-1-768x1365.jpg 768w, https:\/\/www.fundacionrodriguezacosta.com\/wp-content\/uploads\/2025\/09\/INVITACION-1-864x1536.jpg 864w, https:\/\/www.fundacionrodriguezacosta.com\/wp-content\/uploads\/2025\/09\/INVITACION-1.jpg 1080w\" sizes=\"(max-width: 576px) 100vw, 576px\" \/><\/figure>\n","protected":false},"excerpt":{"rendered":"<p>Ya estamos preparando nuestra pr\u00f3xima exposici\u00f3n que en esta ocasi\u00f3n estar\u00e1 dedicada a la fotograf\u00eda. Nuestro peque\u00f1o homenaje a uno de los artistas pl\u00e1sticos m\u00e1s &#8230; <\/p>\n<p class=\"read-more-container\"><a title=\"Inauguraci\u00f3n Exposici\u00f3n &#8220;En Blanco In\u00e9dito&#8221; Fotograf\u00edas de Francisco Fern\u00e1ndez S\u00e1nchez\" class=\"read-more button\" href=\"https:\/\/www.fundacionrodriguezacosta.com\/en\/blog\/inauguracion-exposicion-en-blanco-inedito-fotografias-de-francisco-fernandez-sanchez\/#more-11643\" aria-label=\"Read more about Inauguraci\u00f3n Exposici\u00f3n &#8220;En Blanco In\u00e9dito&#8221; Fotograf\u00edas de Francisco Fern\u00e1ndez S\u00e1nchez\">READ MORE<\/a><\/p>\n","protected":false},"author":4,"featured_media":11649,"comment_status":"closed","ping_status":"0","sticky":false,"template":"","format":"standard","meta":{"_acf_changed":false,"footnotes":""},"categories":[44,84,45],"tags":[19,29],"class_list":["post-11643","post","type-post","status-publish","format-standard","has-post-thumbnail","hentry","category-celebraciones","category-actividades-2","category-exposiciones","tag-actividades-culturales","tag-difusion","masonry-post","generate-columns","tablet-grid-50","mobile-grid-100","grid-parent","grid-25"],"acf":[],"_links":{"self":[{"href":"https:\/\/www.fundacionrodriguezacosta.com\/en\/wp-json\/wp\/v2\/posts\/11643","targetHints":{"allow":["GET"]}}],"collection":[{"href":"https:\/\/www.fundacionrodriguezacosta.com\/en\/wp-json\/wp\/v2\/posts"}],"about":[{"href":"https:\/\/www.fundacionrodriguezacosta.com\/en\/wp-json\/wp\/v2\/types\/post"}],"author":[{"embeddable":true,"href":"https:\/\/www.fundacionrodriguezacosta.com\/en\/wp-json\/wp\/v2\/users\/4"}],"replies":[{"embeddable":true,"href":"https:\/\/www.fundacionrodriguezacosta.com\/en\/wp-json\/wp\/v2\/comments?post=11643"}],"version-history":[{"count":5,"href":"https:\/\/www.fundacionrodriguezacosta.com\/en\/wp-json\/wp\/v2\/posts\/11643\/revisions"}],"predecessor-version":[{"id":11662,"href":"https:\/\/www.fundacionrodriguezacosta.com\/en\/wp-json\/wp\/v2\/posts\/11643\/revisions\/11662"}],"wp:featuredmedia":[{"embeddable":true,"href":"https:\/\/www.fundacionrodriguezacosta.com\/en\/wp-json\/wp\/v2\/media\/11649"}],"wp:attachment":[{"href":"https:\/\/www.fundacionrodriguezacosta.com\/en\/wp-json\/wp\/v2\/media?parent=11643"}],"wp:term":[{"taxonomy":"category","embeddable":true,"href":"https:\/\/www.fundacionrodriguezacosta.com\/en\/wp-json\/wp\/v2\/categories?post=11643"},{"taxonomy":"post_tag","embeddable":true,"href":"https:\/\/www.fundacionrodriguezacosta.com\/en\/wp-json\/wp\/v2\/tags?post=11643"}],"curies":[{"name":"wp","href":"https:\/\/api.w.org\/{rel}","templated":true}]}}