{"id":11633,"date":"2025-07-21T20:23:08","date_gmt":"2025-07-21T18:23:08","guid":{"rendered":"https:\/\/www.fundacionrodriguezacosta.com\/?p=11633"},"modified":"2025-07-21T20:23:17","modified_gmt":"2025-07-21T18:23:17","slug":"el-trabajo-de-musical-leones-y-el-concierto-del-dia-7-de-julio-en-la-fundacion","status":"publish","type":"post","link":"https:\/\/www.fundacionrodriguezacosta.com\/en\/blog\/el-trabajo-de-musical-leones-y-el-concierto-del-dia-7-de-julio-en-la-fundacion\/","title":{"rendered":"El trabajo de Musical Leon\u00e9s y el concierto del d\u00eda 7 de julio en la Fundaci\u00f3n"},"content":{"rendered":"\n<p>Hoy nos hacemos eco de este art\u00edculo de <a href=\"https:\/\/www.ideal.es\/granada\/magos-teclas-veces-cargar-500-kilos-20250720000422-nt.html\" target=\"_blank\" rel=\"noopener\">Ideal, de Jos\u00e9 Antonio Mu\u00f1oz<\/a>, en el que describe buena parte del trabajo extra que supuso, dentro del contexto del Festival, los conciertos de piano enlazados del d\u00eda 7 de julio, que comenzaron en el Patio de Venus de la Fundaci\u00f3n. <\/p>\n\n\n\n<p>Damos fe de la importancia, esmero y pericia necesaria para poder ubicar un piano de cola en el Patio de Venus de la Fundaci\u00f3n. Estuvimos desde la ma\u00f1ana del d\u00eda anterior al concierto adelantando trabajo, ubic\u00e1ndolo bajo techo, lo m\u00e1s cerca posible del escenario de la actuaci\u00f3n. <\/p>\n\n\n\n<p>Es de agradecer este art\u00edculo en el que pone de relieve el trabajo de estos maestros de la m\u00fasica, que se quedan detr\u00e1s del escenario, y que sin su trabajo ser\u00eda imposible organizar este tipo de conciertos. <\/p>\n\n\n\n<p>Nos vemos en septiembre!<\/p>\n\n\n\n<figure class=\"wp-block-image size-large\"><img decoding=\"async\" width=\"815\" height=\"1024\" src=\"https:\/\/www.fundacionrodriguezacosta.com\/wp-content\/uploads\/2025\/07\/IDEAL-Pianos-Leones-815x1024.jpg\" alt=\"Musical Leon\u00e9s en Ideal (20, 07, 2025)\" class=\"wp-image-11629\" srcset=\"https:\/\/www.fundacionrodriguezacosta.com\/wp-content\/uploads\/2025\/07\/IDEAL-Pianos-Leones-815x1024.jpg 815w, https:\/\/www.fundacionrodriguezacosta.com\/wp-content\/uploads\/2025\/07\/IDEAL-Pianos-Leones-239x300.jpg 239w, https:\/\/www.fundacionrodriguezacosta.com\/wp-content\/uploads\/2025\/07\/IDEAL-Pianos-Leones-768x965.jpg 768w, https:\/\/www.fundacionrodriguezacosta.com\/wp-content\/uploads\/2025\/07\/IDEAL-Pianos-Leones-1223x1536.jpg 1223w, https:\/\/www.fundacionrodriguezacosta.com\/wp-content\/uploads\/2025\/07\/IDEAL-Pianos-Leones.jpg 1616w\" sizes=\"(max-width: 815px) 100vw, 815px\" \/><figcaption class=\"wp-element-caption\">Screenshot<\/figcaption><\/figure>\n","protected":false},"excerpt":{"rendered":"<p>Hoy nos hacemos eco de este art\u00edculo de Ideal, de Jos\u00e9 Antonio Mu\u00f1oz, en el que describe buena parte del trabajo extra que supuso, dentro &#8230; <\/p>\n<p class=\"read-more-container\"><a title=\"El trabajo de Musical Leon\u00e9s y el concierto del d\u00eda 7 de julio en la Fundaci\u00f3n\" class=\"read-more button\" href=\"https:\/\/www.fundacionrodriguezacosta.com\/en\/blog\/el-trabajo-de-musical-leones-y-el-concierto-del-dia-7-de-julio-en-la-fundacion\/#more-11633\" aria-label=\"Read more about El trabajo de Musical Leon\u00e9s y el concierto del d\u00eda 7 de julio en la Fundaci\u00f3n\">READ MORE<\/a><\/p>\n","protected":false},"author":4,"featured_media":11631,"comment_status":"closed","ping_status":"0","sticky":false,"template":"","format":"standard","meta":{"_acf_changed":false,"footnotes":""},"categories":[15,59],"tags":[20,82,121],"class_list":["post-11633","post","type-post","status-publish","format-standard","has-post-thumbnail","hentry","category-novedades","category-prensa-y-comunicacion","tag-comiunicacion","tag-festival-internacional-de-musica-y-danza","tag-musica","masonry-post","generate-columns","tablet-grid-50","mobile-grid-100","grid-parent","grid-25"],"acf":[],"_links":{"self":[{"href":"https:\/\/www.fundacionrodriguezacosta.com\/en\/wp-json\/wp\/v2\/posts\/11633","targetHints":{"allow":["GET"]}}],"collection":[{"href":"https:\/\/www.fundacionrodriguezacosta.com\/en\/wp-json\/wp\/v2\/posts"}],"about":[{"href":"https:\/\/www.fundacionrodriguezacosta.com\/en\/wp-json\/wp\/v2\/types\/post"}],"author":[{"embeddable":true,"href":"https:\/\/www.fundacionrodriguezacosta.com\/en\/wp-json\/wp\/v2\/users\/4"}],"replies":[{"embeddable":true,"href":"https:\/\/www.fundacionrodriguezacosta.com\/en\/wp-json\/wp\/v2\/comments?post=11633"}],"version-history":[{"count":1,"href":"https:\/\/www.fundacionrodriguezacosta.com\/en\/wp-json\/wp\/v2\/posts\/11633\/revisions"}],"predecessor-version":[{"id":11634,"href":"https:\/\/www.fundacionrodriguezacosta.com\/en\/wp-json\/wp\/v2\/posts\/11633\/revisions\/11634"}],"wp:featuredmedia":[{"embeddable":true,"href":"https:\/\/www.fundacionrodriguezacosta.com\/en\/wp-json\/wp\/v2\/media\/11631"}],"wp:attachment":[{"href":"https:\/\/www.fundacionrodriguezacosta.com\/en\/wp-json\/wp\/v2\/media?parent=11633"}],"wp:term":[{"taxonomy":"category","embeddable":true,"href":"https:\/\/www.fundacionrodriguezacosta.com\/en\/wp-json\/wp\/v2\/categories?post=11633"},{"taxonomy":"post_tag","embeddable":true,"href":"https:\/\/www.fundacionrodriguezacosta.com\/en\/wp-json\/wp\/v2\/tags?post=11633"}],"curies":[{"name":"wp","href":"https:\/\/api.w.org\/{rel}","templated":true}]}}