{"id":11583,"date":"2025-07-09T01:17:33","date_gmt":"2025-07-08T23:17:33","guid":{"rendered":"https:\/\/www.fundacionrodriguezacosta.com\/?p=11583"},"modified":"2025-07-09T01:18:30","modified_gmt":"2025-07-08T23:18:30","slug":"acto-de-entrega-de-la-medalla-de-honor-del-festival-a-eva-yerbabuena","status":"publish","type":"post","link":"https:\/\/www.fundacionrodriguezacosta.com\/en\/blog\/acto-de-entrega-de-la-medalla-de-honor-del-festival-a-eva-yerbabuena\/","title":{"rendered":"Acto de entrega de la Medalla de Honor del Festival a Eva Yerbabuena"},"content":{"rendered":"\n<p>El pr\u00f3ximo jueves 10 de julio, tendr\u00e1 lugar en el vest\u00edbulo del carmen de la Fundaci\u00f3n, la entrega de la medalla de honor del Festival de M\u00fasica y Danza de Granada, a Eva Yerbabuena. <\/p>\n\n\n\n<p>Este acto, de tipo institucional, estar\u00e1 organizado por el Festival de M\u00fasica y Danza de Granada que establecer\u00e1 su protocolo y orden de discurso. Mas informaci\u00f3n-<a href=\"https:\/\/www.granadahoy.com\/festival_internacional_de_musica_y_danza\/bailaora-coreografa-eva-yerbabuena-medalla_0_2004110837.html\" target=\"_blank\" rel=\"noopener\">> Pincha aqu\u00ed<\/a><\/p>\n\n\n\n<p>Hasta el jueves!<\/p>\n\n\n\n<p><\/p>\n","protected":false},"excerpt":{"rendered":"<p>El pr\u00f3ximo jueves 10 de julio, tendr\u00e1 lugar en el vest\u00edbulo del carmen de la Fundaci\u00f3n, la entrega de la medalla de honor del Festival &#8230; <\/p>\n<p class=\"read-more-container\"><a title=\"Acto de entrega de la Medalla de Honor del Festival a Eva Yerbabuena\" class=\"read-more button\" href=\"https:\/\/www.fundacionrodriguezacosta.com\/en\/blog\/acto-de-entrega-de-la-medalla-de-honor-del-festival-a-eva-yerbabuena\/#more-11583\" aria-label=\"Read more about Acto de entrega de la Medalla de Honor del Festival a Eva Yerbabuena\">READ MORE<\/a><\/p>\n","protected":false},"author":4,"featured_media":11576,"comment_status":"closed","ping_status":"0","sticky":false,"template":"","format":"standard","meta":{"_acf_changed":false,"footnotes":""},"categories":[15],"tags":[19,29,146],"class_list":["post-11583","post","type-post","status-publish","format-standard","has-post-thumbnail","hentry","category-novedades","tag-actividades-culturales","tag-difusion","tag-festival","masonry-post","generate-columns","tablet-grid-50","mobile-grid-100","grid-parent","grid-25"],"acf":[],"_links":{"self":[{"href":"https:\/\/www.fundacionrodriguezacosta.com\/en\/wp-json\/wp\/v2\/posts\/11583","targetHints":{"allow":["GET"]}}],"collection":[{"href":"https:\/\/www.fundacionrodriguezacosta.com\/en\/wp-json\/wp\/v2\/posts"}],"about":[{"href":"https:\/\/www.fundacionrodriguezacosta.com\/en\/wp-json\/wp\/v2\/types\/post"}],"author":[{"embeddable":true,"href":"https:\/\/www.fundacionrodriguezacosta.com\/en\/wp-json\/wp\/v2\/users\/4"}],"replies":[{"embeddable":true,"href":"https:\/\/www.fundacionrodriguezacosta.com\/en\/wp-json\/wp\/v2\/comments?post=11583"}],"version-history":[{"count":2,"href":"https:\/\/www.fundacionrodriguezacosta.com\/en\/wp-json\/wp\/v2\/posts\/11583\/revisions"}],"predecessor-version":[{"id":11585,"href":"https:\/\/www.fundacionrodriguezacosta.com\/en\/wp-json\/wp\/v2\/posts\/11583\/revisions\/11585"}],"wp:featuredmedia":[{"embeddable":true,"href":"https:\/\/www.fundacionrodriguezacosta.com\/en\/wp-json\/wp\/v2\/media\/11576"}],"wp:attachment":[{"href":"https:\/\/www.fundacionrodriguezacosta.com\/en\/wp-json\/wp\/v2\/media?parent=11583"}],"wp:term":[{"taxonomy":"category","embeddable":true,"href":"https:\/\/www.fundacionrodriguezacosta.com\/en\/wp-json\/wp\/v2\/categories?post=11583"},{"taxonomy":"post_tag","embeddable":true,"href":"https:\/\/www.fundacionrodriguezacosta.com\/en\/wp-json\/wp\/v2\/tags?post=11583"}],"curies":[{"name":"wp","href":"https:\/\/api.w.org\/{rel}","templated":true}]}}