{"id":11578,"date":"2025-07-09T01:04:57","date_gmt":"2025-07-08T23:04:57","guid":{"rendered":"https:\/\/www.fundacionrodriguezacosta.com\/?p=11578"},"modified":"2025-07-09T01:07:33","modified_gmt":"2025-07-08T23:07:33","slug":"concierto-del-festival-7-de-julio-pierre-laurent-aimard-y-catalogue-doiseaux-oliver-messiaen","status":"publish","type":"post","link":"https:\/\/www.fundacionrodriguezacosta.com\/en\/blog\/concierto-del-festival-7-de-julio-pierre-laurent-aimard-y-catalogue-doiseaux-oliver-messiaen\/","title":{"rendered":"Concierto del Festival: 7 de julio , Pierre-Laurent Aimard y Catalogue d&#8217;Oiseaux, Oliver Messiaen."},"content":{"rendered":"\n<p>El pasado Lunes 7 de julio, se celebr\u00f3 en el Patio de Venus del carmen de la Fundaci\u00f3n una parte del concierto de piano que se interpret\u00f3 en diversas sedes de la colina del Mauror y la Alhambra. El pianista Pierre-Laurent Aimard, fue el encargado de interpretar parte de <em>Catalogue d\u2019Oiseaux\u00a0<\/em>(Cat\u00e1logo de aves. 1956-1958) de <strong>Olivier Messiaen\u00a0<\/strong>(1908-1992), una obra llena de matices y modernidad que entroncaba con la arquitectura y el paisaje del jard\u00edn de la Fundaci\u00f3n<\/p>\n\n\n\n<p>M\u00e1s informaci\u00f3n-><a href=\"https:\/\/granadafestival.org\/es\/evento\/2025-pierrelaurent-aimard-i-2025-3\" target=\"_blank\" rel=\"noopener\"> Pincha aqu\u00ed<\/a><\/p>\n\n\n\n<p>Os dejamos unas instant\u00e1neas del evento:<\/p>\n\n\n\n<figure class=\"wp-block-image size-large\"><img decoding=\"async\" width=\"1024\" height=\"576\" src=\"https:\/\/www.fundacionrodriguezacosta.com\/wp-content\/uploads\/2025\/07\/Foto-7-7-25-19-50-38-copia-1024x576.jpg\" alt=\"\" class=\"wp-image-11572\" srcset=\"https:\/\/www.fundacionrodriguezacosta.com\/wp-content\/uploads\/2025\/07\/Foto-7-7-25-19-50-38-copia-1024x576.jpg 1024w, https:\/\/www.fundacionrodriguezacosta.com\/wp-content\/uploads\/2025\/07\/Foto-7-7-25-19-50-38-copia-300x169.jpg 300w, https:\/\/www.fundacionrodriguezacosta.com\/wp-content\/uploads\/2025\/07\/Foto-7-7-25-19-50-38-copia-768x432.jpg 768w, https:\/\/www.fundacionrodriguezacosta.com\/wp-content\/uploads\/2025\/07\/Foto-7-7-25-19-50-38-copia-1536x864.jpg 1536w, https:\/\/www.fundacionrodriguezacosta.com\/wp-content\/uploads\/2025\/07\/Foto-7-7-25-19-50-38-copia-2048x1152.jpg 2048w\" sizes=\"(max-width: 1024px) 100vw, 1024px\" \/><\/figure>\n\n\n\n<figure class=\"wp-block-image size-large\"><img decoding=\"async\" width=\"1024\" height=\"576\" src=\"https:\/\/www.fundacionrodriguezacosta.com\/wp-content\/uploads\/2025\/07\/Foto-7-7-25-19-50-38-1024x576.jpg\" alt=\"\" class=\"wp-image-11570\" srcset=\"https:\/\/www.fundacionrodriguezacosta.com\/wp-content\/uploads\/2025\/07\/Foto-7-7-25-19-50-38-1024x576.jpg 1024w, https:\/\/www.fundacionrodriguezacosta.com\/wp-content\/uploads\/2025\/07\/Foto-7-7-25-19-50-38-300x169.jpg 300w, https:\/\/www.fundacionrodriguezacosta.com\/wp-content\/uploads\/2025\/07\/Foto-7-7-25-19-50-38-768x432.jpg 768w, https:\/\/www.fundacionrodriguezacosta.com\/wp-content\/uploads\/2025\/07\/Foto-7-7-25-19-50-38-1536x864.jpg 1536w, https:\/\/www.fundacionrodriguezacosta.com\/wp-content\/uploads\/2025\/07\/Foto-7-7-25-19-50-38-2048x1152.jpg 2048w\" sizes=\"(max-width: 1024px) 100vw, 1024px\" \/><\/figure>\n\n\n\n<figure class=\"wp-block-image size-large\"><img decoding=\"async\" width=\"473\" height=\"1024\" src=\"https:\/\/www.fundacionrodriguezacosta.com\/wp-content\/uploads\/2025\/07\/Foto-7-7-25-13-54-57-473x1024.jpg\" alt=\"\" class=\"wp-image-11574\" srcset=\"https:\/\/www.fundacionrodriguezacosta.com\/wp-content\/uploads\/2025\/07\/Foto-7-7-25-13-54-57-473x1024.jpg 473w, https:\/\/www.fundacionrodriguezacosta.com\/wp-content\/uploads\/2025\/07\/Foto-7-7-25-13-54-57-139x300.jpg 139w, https:\/\/www.fundacionrodriguezacosta.com\/wp-content\/uploads\/2025\/07\/Foto-7-7-25-13-54-57-768x1663.jpg 768w, https:\/\/www.fundacionrodriguezacosta.com\/wp-content\/uploads\/2025\/07\/Foto-7-7-25-13-54-57-709x1536.jpg 709w, https:\/\/www.fundacionrodriguezacosta.com\/wp-content\/uploads\/2025\/07\/Foto-7-7-25-13-54-57-946x2048.jpg 946w, https:\/\/www.fundacionrodriguezacosta.com\/wp-content\/uploads\/2025\/07\/Foto-7-7-25-13-54-57.jpg 960w\" sizes=\"(max-width: 473px) 100vw, 473px\" \/><figcaption class=\"wp-element-caption\">Foto gentileza de Juan Antonio S\u00e1nchez Mu\u00f1\u00f3z <\/figcaption><\/figure>\n","protected":false},"excerpt":{"rendered":"<p>El pasado Lunes 7 de julio, se celebr\u00f3 en el Patio de Venus del carmen de la Fundaci\u00f3n una parte del concierto de piano que &#8230; <\/p>\n<p class=\"read-more-container\"><a title=\"Concierto del Festival: 7 de julio , Pierre-Laurent Aimard y Catalogue d&#8217;Oiseaux, Oliver Messiaen.\" class=\"read-more button\" href=\"https:\/\/www.fundacionrodriguezacosta.com\/en\/blog\/concierto-del-festival-7-de-julio-pierre-laurent-aimard-y-catalogue-doiseaux-oliver-messiaen\/#more-11578\" aria-label=\"Read more about Concierto del Festival: 7 de julio , Pierre-Laurent Aimard y Catalogue d&#8217;Oiseaux, Oliver Messiaen.\">READ MORE<\/a><\/p>\n","protected":false},"author":4,"featured_media":11566,"comment_status":"closed","ping_status":"0","sticky":false,"template":"","format":"standard","meta":{"_acf_changed":false,"footnotes":""},"categories":[15,1],"tags":[54,146],"class_list":["post-11578","post","type-post","status-publish","format-standard","has-post-thumbnail","hentry","category-novedades","category-uncategorized","tag-arte-y-cultura","tag-festival","masonry-post","generate-columns","tablet-grid-50","mobile-grid-100","grid-parent","grid-25"],"acf":[],"_links":{"self":[{"href":"https:\/\/www.fundacionrodriguezacosta.com\/en\/wp-json\/wp\/v2\/posts\/11578","targetHints":{"allow":["GET"]}}],"collection":[{"href":"https:\/\/www.fundacionrodriguezacosta.com\/en\/wp-json\/wp\/v2\/posts"}],"about":[{"href":"https:\/\/www.fundacionrodriguezacosta.com\/en\/wp-json\/wp\/v2\/types\/post"}],"author":[{"embeddable":true,"href":"https:\/\/www.fundacionrodriguezacosta.com\/en\/wp-json\/wp\/v2\/users\/4"}],"replies":[{"embeddable":true,"href":"https:\/\/www.fundacionrodriguezacosta.com\/en\/wp-json\/wp\/v2\/comments?post=11578"}],"version-history":[{"count":3,"href":"https:\/\/www.fundacionrodriguezacosta.com\/en\/wp-json\/wp\/v2\/posts\/11578\/revisions"}],"predecessor-version":[{"id":11582,"href":"https:\/\/www.fundacionrodriguezacosta.com\/en\/wp-json\/wp\/v2\/posts\/11578\/revisions\/11582"}],"wp:featuredmedia":[{"embeddable":true,"href":"https:\/\/www.fundacionrodriguezacosta.com\/en\/wp-json\/wp\/v2\/media\/11566"}],"wp:attachment":[{"href":"https:\/\/www.fundacionrodriguezacosta.com\/en\/wp-json\/wp\/v2\/media?parent=11578"}],"wp:term":[{"taxonomy":"category","embeddable":true,"href":"https:\/\/www.fundacionrodriguezacosta.com\/en\/wp-json\/wp\/v2\/categories?post=11578"},{"taxonomy":"post_tag","embeddable":true,"href":"https:\/\/www.fundacionrodriguezacosta.com\/en\/wp-json\/wp\/v2\/tags?post=11578"}],"curies":[{"name":"wp","href":"https:\/\/api.w.org\/{rel}","templated":true}]}}