{"id":11568,"date":"2025-07-09T00:48:27","date_gmt":"2025-07-08T22:48:27","guid":{"rendered":"https:\/\/www.fundacionrodriguezacosta.com\/?p=11568"},"modified":"2025-07-13T00:00:41","modified_gmt":"2025-07-12T22:00:41","slug":"el-fex-en-la-fundacion-con-las-micordanzas-de-aterballetto-29-junio-2025","status":"publish","type":"post","link":"https:\/\/www.fundacionrodriguezacosta.com\/en\/blog\/el-fex-en-la-fundacion-con-las-micordanzas-de-aterballetto-29-junio-2025\/","title":{"rendered":"El FEX en la Fundaci\u00f3n con las Micordanzas de Aterballetto 29, junio 2025"},"content":{"rendered":"\n<p>El pasado 29 de Junio, se desarrollaron en el Patio del Teatro y el Vest\u00edbulo de la Fundaci\u00f3n,  los tres pases de las actuaciones de la compa\u00f1\u00eda Aterballetto, que con sus microdanzas llenaron de color el Patio de los Aljibes, la Fundaci\u00f3n y torres Bermejas.<\/p>\n\n\n\n<p>M\u00e1s informaci\u00f3n -&gt; <a href=\"https:\/\/granadafestival.org\/es\/evento\/fex-2025-ccnaterballetto-microdanzas-i--2025-6\" target=\"_blank\" rel=\"noopener\">pinchar aqu\u00ed<\/a><\/p>\n\n\n\n<p>Os dejamos unas fotograf\u00edas de los ensayos:<\/p>\n\n\n\n<p>Y el v\u00eddeo resumen de la actuaci\u00f3n:<a href=\"https:\/\/www.youtube.com\/shorts\/V_mA85m_0qA\" target=\"_blank\" rel=\"noopener\"> VIDEO<\/a><\/p>\n\n\n\n<figure class=\"wp-block-image size-large\"><img decoding=\"async\" width=\"576\" height=\"1024\" src=\"https:\/\/www.fundacionrodriguezacosta.com\/wp-content\/uploads\/2025\/07\/Foto-29-6-25-11-35-31-576x1024.jpg\" alt=\"Fex Microdanza 29 junio 2025\" class=\"wp-image-11547\" srcset=\"https:\/\/www.fundacionrodriguezacosta.com\/wp-content\/uploads\/2025\/07\/Foto-29-6-25-11-35-31-576x1024.jpg 576w, https:\/\/www.fundacionrodriguezacosta.com\/wp-content\/uploads\/2025\/07\/Foto-29-6-25-11-35-31-169x300.jpg 169w, https:\/\/www.fundacionrodriguezacosta.com\/wp-content\/uploads\/2025\/07\/Foto-29-6-25-11-35-31-768x1365.jpg 768w, https:\/\/www.fundacionrodriguezacosta.com\/wp-content\/uploads\/2025\/07\/Foto-29-6-25-11-35-31-864x1536.jpg 864w, https:\/\/www.fundacionrodriguezacosta.com\/wp-content\/uploads\/2025\/07\/Foto-29-6-25-11-35-31-1152x2048.jpg 1152w, https:\/\/www.fundacionrodriguezacosta.com\/wp-content\/uploads\/2025\/07\/Foto-29-6-25-11-35-31.jpg 1440w\" sizes=\"(max-width: 576px) 100vw, 576px\" \/><\/figure>\n\n\n\n<figure class=\"wp-block-image size-large\"><img decoding=\"async\" width=\"1024\" height=\"766\" src=\"https:\/\/www.fundacionrodriguezacosta.com\/wp-content\/uploads\/2025\/07\/Foto-29-6-25-11-35-57-1024x766.jpg\" alt=\"\" class=\"wp-image-11551\" srcset=\"https:\/\/www.fundacionrodriguezacosta.com\/wp-content\/uploads\/2025\/07\/Foto-29-6-25-11-35-57-1024x766.jpg 1024w, https:\/\/www.fundacionrodriguezacosta.com\/wp-content\/uploads\/2025\/07\/Foto-29-6-25-11-35-57-300x224.jpg 300w, https:\/\/www.fundacionrodriguezacosta.com\/wp-content\/uploads\/2025\/07\/Foto-29-6-25-11-35-57-768x575.jpg 768w, https:\/\/www.fundacionrodriguezacosta.com\/wp-content\/uploads\/2025\/07\/Foto-29-6-25-11-35-57-1536x1149.jpg 1536w, https:\/\/www.fundacionrodriguezacosta.com\/wp-content\/uploads\/2025\/07\/Foto-29-6-25-11-35-57-2048x1532.jpg 2048w\" sizes=\"(max-width: 1024px) 100vw, 1024px\" \/><\/figure>\n\n\n\n<figure class=\"wp-block-image size-large\"><img decoding=\"async\" width=\"1024\" height=\"766\" src=\"https:\/\/www.fundacionrodriguezacosta.com\/wp-content\/uploads\/2025\/07\/Foto-29-6-25-11-51-26-1-1024x766.jpg\" alt=\"\" class=\"wp-image-11557\" srcset=\"https:\/\/www.fundacionrodriguezacosta.com\/wp-content\/uploads\/2025\/07\/Foto-29-6-25-11-51-26-1-1024x766.jpg 1024w, https:\/\/www.fundacionrodriguezacosta.com\/wp-content\/uploads\/2025\/07\/Foto-29-6-25-11-51-26-1-300x224.jpg 300w, https:\/\/www.fundacionrodriguezacosta.com\/wp-content\/uploads\/2025\/07\/Foto-29-6-25-11-51-26-1-768x575.jpg 768w, https:\/\/www.fundacionrodriguezacosta.com\/wp-content\/uploads\/2025\/07\/Foto-29-6-25-11-51-26-1-1536x1149.jpg 1536w, https:\/\/www.fundacionrodriguezacosta.com\/wp-content\/uploads\/2025\/07\/Foto-29-6-25-11-51-26-1-2048x1532.jpg 2048w\" sizes=\"(max-width: 1024px) 100vw, 1024px\" \/><\/figure>\n\n\n\n<figure class=\"wp-block-image size-large\"><img decoding=\"async\" width=\"576\" height=\"1024\" src=\"https:\/\/www.fundacionrodriguezacosta.com\/wp-content\/uploads\/2025\/07\/Foto-29-6-25-19-52-20-576x1024.jpg\" alt=\"Fex Microdanza 29 junio 2025\" class=\"wp-image-11559\" srcset=\"https:\/\/www.fundacionrodriguezacosta.com\/wp-content\/uploads\/2025\/07\/Foto-29-6-25-19-52-20-576x1024.jpg 576w, https:\/\/www.fundacionrodriguezacosta.com\/wp-content\/uploads\/2025\/07\/Foto-29-6-25-19-52-20-169x300.jpg 169w, https:\/\/www.fundacionrodriguezacosta.com\/wp-content\/uploads\/2025\/07\/Foto-29-6-25-19-52-20-768x1365.jpg 768w, https:\/\/www.fundacionrodriguezacosta.com\/wp-content\/uploads\/2025\/07\/Foto-29-6-25-19-52-20-864x1536.jpg 864w, https:\/\/www.fundacionrodriguezacosta.com\/wp-content\/uploads\/2025\/07\/Foto-29-6-25-19-52-20-1152x2048.jpg 1152w, https:\/\/www.fundacionrodriguezacosta.com\/wp-content\/uploads\/2025\/07\/Foto-29-6-25-19-52-20.jpg 1440w\" sizes=\"(max-width: 576px) 100vw, 576px\" \/><\/figure>\n","protected":false},"excerpt":{"rendered":"<p>El pasado 29 de Junio, se desarrollaron en el Patio del Teatro y el Vest\u00edbulo de la Fundaci\u00f3n, los tres pases de las actuaciones de &#8230; <\/p>\n<p class=\"read-more-container\"><a title=\"El FEX en la Fundaci\u00f3n con las Micordanzas de Aterballetto 29, junio 2025\" class=\"read-more button\" href=\"https:\/\/www.fundacionrodriguezacosta.com\/en\/blog\/el-fex-en-la-fundacion-con-las-micordanzas-de-aterballetto-29-junio-2025\/#more-11568\" aria-label=\"Read more about El FEX en la Fundaci\u00f3n con las Micordanzas de Aterballetto 29, junio 2025\">READ MORE<\/a><\/p>\n","protected":false},"author":4,"featured_media":11562,"comment_status":"closed","ping_status":"0","sticky":false,"template":"","format":"standard","meta":{"_acf_changed":false,"footnotes":""},"categories":[15,26],"tags":[19,145],"class_list":["post-11568","post","type-post","status-publish","format-standard","has-post-thumbnail","hentry","category-novedades","category-eventos-en-la-fundacion","tag-actividades-culturales","tag-fex","masonry-post","generate-columns","tablet-grid-50","mobile-grid-100","grid-parent","grid-25"],"acf":[],"_links":{"self":[{"href":"https:\/\/www.fundacionrodriguezacosta.com\/en\/wp-json\/wp\/v2\/posts\/11568","targetHints":{"allow":["GET"]}}],"collection":[{"href":"https:\/\/www.fundacionrodriguezacosta.com\/en\/wp-json\/wp\/v2\/posts"}],"about":[{"href":"https:\/\/www.fundacionrodriguezacosta.com\/en\/wp-json\/wp\/v2\/types\/post"}],"author":[{"embeddable":true,"href":"https:\/\/www.fundacionrodriguezacosta.com\/en\/wp-json\/wp\/v2\/users\/4"}],"replies":[{"embeddable":true,"href":"https:\/\/www.fundacionrodriguezacosta.com\/en\/wp-json\/wp\/v2\/comments?post=11568"}],"version-history":[{"count":2,"href":"https:\/\/www.fundacionrodriguezacosta.com\/en\/wp-json\/wp\/v2\/posts\/11568\/revisions"}],"predecessor-version":[{"id":11604,"href":"https:\/\/www.fundacionrodriguezacosta.com\/en\/wp-json\/wp\/v2\/posts\/11568\/revisions\/11604"}],"wp:featuredmedia":[{"embeddable":true,"href":"https:\/\/www.fundacionrodriguezacosta.com\/en\/wp-json\/wp\/v2\/media\/11562"}],"wp:attachment":[{"href":"https:\/\/www.fundacionrodriguezacosta.com\/en\/wp-json\/wp\/v2\/media?parent=11568"}],"wp:term":[{"taxonomy":"category","embeddable":true,"href":"https:\/\/www.fundacionrodriguezacosta.com\/en\/wp-json\/wp\/v2\/categories?post=11568"},{"taxonomy":"post_tag","embeddable":true,"href":"https:\/\/www.fundacionrodriguezacosta.com\/en\/wp-json\/wp\/v2\/tags?post=11568"}],"curies":[{"name":"wp","href":"https:\/\/api.w.org\/{rel}","templated":true}]}}