{"id":11508,"date":"2025-07-03T23:45:05","date_gmt":"2025-07-03T21:45:05","guid":{"rendered":"https:\/\/www.fundacionrodriguezacosta.com\/?p=11508"},"modified":"2025-07-03T23:47:06","modified_gmt":"2025-07-03T21:47:06","slug":"talleres-de-verano-2025-1a-semana-arte-y-arquitectura","status":"publish","type":"post","link":"https:\/\/www.fundacionrodriguezacosta.com\/en\/blog\/talleres-de-verano-2025-1a-semana-arte-y-arquitectura\/","title":{"rendered":"Talleres de verano 2025. 1\u00aa semana: Arte y Arquitectura"},"content":{"rendered":"\n<div class=\"wp-block-cover alignright\"><img decoding=\"async\" width=\"819\" height=\"1024\" class=\"wp-block-cover__image-background wp-image-11506\" alt=\"Cartel Talleres 2025\" src=\"https:\/\/www.fundacionrodriguezacosta.com\/wp-content\/uploads\/2025\/07\/16-junio-a-2025-819x1024.jpg\" data-object-fit=\"cover\" srcset=\"https:\/\/www.fundacionrodriguezacosta.com\/wp-content\/uploads\/2025\/07\/16-junio-a-2025-819x1024.jpg 819w, https:\/\/www.fundacionrodriguezacosta.com\/wp-content\/uploads\/2025\/07\/16-junio-a-2025-240x300.jpg 240w, https:\/\/www.fundacionrodriguezacosta.com\/wp-content\/uploads\/2025\/07\/16-junio-a-2025-768x960.jpg 768w, https:\/\/www.fundacionrodriguezacosta.com\/wp-content\/uploads\/2025\/07\/16-junio-a-2025.jpg 1080w\" sizes=\"(max-width: 819px) 100vw, 819px\" \/><span aria-hidden=\"true\" class=\"wp-block-cover__background has-background-dim\"><\/span><div class=\"wp-block-cover__inner-container is-layout-flow wp-block-cover-is-layout-flow\">\n<p class=\"has-text-align-center has-large-font-size\">Primera semana!<\/p>\n<\/div><\/div>\n\n\n\n<p>Comenzamos la 1\u00aa semana de los Talleres de verano 2025.<\/p>\n\n\n\n<p>La Casa, antigua Residencia de artistas, est\u00e1 albergando este a\u00f1o el espacio taller, con acceso directo al jard\u00edn. \u00a1Es el mejor lugar para atraer la inspiraci\u00f3n!<\/p>\n\n\n\n<p>Hoy compartimos unas fotograf\u00edas del taller y de una de las clases en el Patio de Venus. Ya est\u00e1 todo preparado para la clausura de esta primera semana que tendr\u00e1 lugar ma\u00f1ana!<\/p>\n\n\n\n<p>Gracias a todos por participar!<\/p>\n\n\n\n<figure class=\"wp-block-image size-large\"><img decoding=\"async\" width=\"1024\" height=\"766\" src=\"https:\/\/www.fundacionrodriguezacosta.com\/wp-content\/uploads\/2025\/07\/Foto-3-7-25-13-12-59-1024x766.jpg\" alt=\"La casa. Sal\u00f3n Taller\" class=\"wp-image-11484\" srcset=\"https:\/\/www.fundacionrodriguezacosta.com\/wp-content\/uploads\/2025\/07\/Foto-3-7-25-13-12-59-1024x766.jpg 1024w, https:\/\/www.fundacionrodriguezacosta.com\/wp-content\/uploads\/2025\/07\/Foto-3-7-25-13-12-59-300x224.jpg 300w, https:\/\/www.fundacionrodriguezacosta.com\/wp-content\/uploads\/2025\/07\/Foto-3-7-25-13-12-59-768x575.jpg 768w, https:\/\/www.fundacionrodriguezacosta.com\/wp-content\/uploads\/2025\/07\/Foto-3-7-25-13-12-59-1536x1149.jpg 1536w, https:\/\/www.fundacionrodriguezacosta.com\/wp-content\/uploads\/2025\/07\/Foto-3-7-25-13-12-59-2048x1532.jpg 2048w\" sizes=\"(max-width: 1024px) 100vw, 1024px\" \/><\/figure>\n\n\n\n<p><\/p>\n\n\n\n<figure class=\"wp-block-image size-large\"><img decoding=\"async\" width=\"1024\" height=\"766\" src=\"https:\/\/www.fundacionrodriguezacosta.com\/wp-content\/uploads\/2025\/07\/Foto-3-7-25-13-13-31-1024x766.jpg\" alt=\"trabajos 1\" class=\"wp-image-11488\" srcset=\"https:\/\/www.fundacionrodriguezacosta.com\/wp-content\/uploads\/2025\/07\/Foto-3-7-25-13-13-31-1024x766.jpg 1024w, https:\/\/www.fundacionrodriguezacosta.com\/wp-content\/uploads\/2025\/07\/Foto-3-7-25-13-13-31-300x224.jpg 300w, https:\/\/www.fundacionrodriguezacosta.com\/wp-content\/uploads\/2025\/07\/Foto-3-7-25-13-13-31-768x575.jpg 768w, https:\/\/www.fundacionrodriguezacosta.com\/wp-content\/uploads\/2025\/07\/Foto-3-7-25-13-13-31-1536x1149.jpg 1536w, https:\/\/www.fundacionrodriguezacosta.com\/wp-content\/uploads\/2025\/07\/Foto-3-7-25-13-13-31-2048x1532.jpg 2048w\" sizes=\"(max-width: 1024px) 100vw, 1024px\" \/><\/figure>\n\n\n\n<p><\/p>\n\n\n\n<figure class=\"wp-block-image size-large\"><img decoding=\"async\" width=\"766\" height=\"1024\" src=\"https:\/\/www.fundacionrodriguezacosta.com\/wp-content\/uploads\/2025\/07\/Foto-3-7-25-13-14-10-766x1024.jpg\" alt=\"\" class=\"wp-image-11490\" srcset=\"https:\/\/www.fundacionrodriguezacosta.com\/wp-content\/uploads\/2025\/07\/Foto-3-7-25-13-14-10-766x1024.jpg 766w, https:\/\/www.fundacionrodriguezacosta.com\/wp-content\/uploads\/2025\/07\/Foto-3-7-25-13-14-10-224x300.jpg 224w, https:\/\/www.fundacionrodriguezacosta.com\/wp-content\/uploads\/2025\/07\/Foto-3-7-25-13-14-10-768x1027.jpg 768w, https:\/\/www.fundacionrodriguezacosta.com\/wp-content\/uploads\/2025\/07\/Foto-3-7-25-13-14-10-1149x1536.jpg 1149w, https:\/\/www.fundacionrodriguezacosta.com\/wp-content\/uploads\/2025\/07\/Foto-3-7-25-13-14-10-1532x2048.jpg 1532w, https:\/\/www.fundacionrodriguezacosta.com\/wp-content\/uploads\/2025\/07\/Foto-3-7-25-13-14-10.jpg 1915w\" sizes=\"(max-width: 766px) 100vw, 766px\" \/><\/figure>\n\n\n\n<figure class=\"wp-block-image size-large\"><img decoding=\"async\" width=\"1024\" height=\"461\" src=\"https:\/\/www.fundacionrodriguezacosta.com\/wp-content\/uploads\/2025\/07\/Foto-3-7-25-15-20-27-1024x461.jpg\" alt=\"\" class=\"wp-image-11496\" srcset=\"https:\/\/www.fundacionrodriguezacosta.com\/wp-content\/uploads\/2025\/07\/Foto-3-7-25-15-20-27-1024x461.jpg 1024w, https:\/\/www.fundacionrodriguezacosta.com\/wp-content\/uploads\/2025\/07\/Foto-3-7-25-15-20-27-300x135.jpg 300w, https:\/\/www.fundacionrodriguezacosta.com\/wp-content\/uploads\/2025\/07\/Foto-3-7-25-15-20-27-768x346.jpg 768w, https:\/\/www.fundacionrodriguezacosta.com\/wp-content\/uploads\/2025\/07\/Foto-3-7-25-15-20-27-1536x691.jpg 1536w, https:\/\/www.fundacionrodriguezacosta.com\/wp-content\/uploads\/2025\/07\/Foto-3-7-25-15-20-27.jpg 2000w\" sizes=\"(max-width: 1024px) 100vw, 1024px\" \/><\/figure>\n\n\n\n<figure class=\"wp-block-image size-large\"><img decoding=\"async\" width=\"471\" height=\"1024\" src=\"https:\/\/www.fundacionrodriguezacosta.com\/wp-content\/uploads\/2025\/07\/Foto-3-7-25-18-45-03-471x1024.jpg\" alt=\"\" class=\"wp-image-11504\" srcset=\"https:\/\/www.fundacionrodriguezacosta.com\/wp-content\/uploads\/2025\/07\/Foto-3-7-25-18-45-03-471x1024.jpg 471w, https:\/\/www.fundacionrodriguezacosta.com\/wp-content\/uploads\/2025\/07\/Foto-3-7-25-18-45-03-138x300.jpg 138w, https:\/\/www.fundacionrodriguezacosta.com\/wp-content\/uploads\/2025\/07\/Foto-3-7-25-18-45-03-768x1669.jpg 768w, https:\/\/www.fundacionrodriguezacosta.com\/wp-content\/uploads\/2025\/07\/Foto-3-7-25-18-45-03-707x1536.jpg 707w, https:\/\/www.fundacionrodriguezacosta.com\/wp-content\/uploads\/2025\/07\/Foto-3-7-25-18-45-03-942x2048.jpg 942w, https:\/\/www.fundacionrodriguezacosta.com\/wp-content\/uploads\/2025\/07\/Foto-3-7-25-18-45-03.jpg 1178w\" sizes=\"(max-width: 471px) 100vw, 471px\" \/><\/figure>\n\n\n\n<figure class=\"wp-block-image size-large\"><img decoding=\"async\" width=\"471\" height=\"1024\" src=\"https:\/\/www.fundacionrodriguezacosta.com\/wp-content\/uploads\/2025\/07\/Foto-3-7-25-15-22-50-471x1024.jpg\" alt=\"\" class=\"wp-image-11500\" srcset=\"https:\/\/www.fundacionrodriguezacosta.com\/wp-content\/uploads\/2025\/07\/Foto-3-7-25-15-22-50-471x1024.jpg 471w, https:\/\/www.fundacionrodriguezacosta.com\/wp-content\/uploads\/2025\/07\/Foto-3-7-25-15-22-50-138x300.jpg 138w, https:\/\/www.fundacionrodriguezacosta.com\/wp-content\/uploads\/2025\/07\/Foto-3-7-25-15-22-50-768x1669.jpg 768w, https:\/\/www.fundacionrodriguezacosta.com\/wp-content\/uploads\/2025\/07\/Foto-3-7-25-15-22-50-707x1536.jpg 707w, https:\/\/www.fundacionrodriguezacosta.com\/wp-content\/uploads\/2025\/07\/Foto-3-7-25-15-22-50-942x2048.jpg 942w, https:\/\/www.fundacionrodriguezacosta.com\/wp-content\/uploads\/2025\/07\/Foto-3-7-25-15-22-50.jpg 1178w\" sizes=\"(max-width: 471px) 100vw, 471px\" \/><\/figure>\n","protected":false},"excerpt":{"rendered":"<p>Comenzamos la 1\u00aa semana de los Talleres de verano 2025. La Casa, antigua Residencia de artistas, est\u00e1 albergando este a\u00f1o el espacio taller, con acceso &#8230; <\/p>\n<p class=\"read-more-container\"><a title=\"Talleres de verano 2025. 1\u00aa semana: Arte y Arquitectura\" class=\"read-more button\" href=\"https:\/\/www.fundacionrodriguezacosta.com\/en\/blog\/talleres-de-verano-2025-1a-semana-arte-y-arquitectura\/#more-11508\" aria-label=\"Read more about Talleres de verano 2025. 1\u00aa semana: Arte y Arquitectura\">READ MORE<\/a><\/p>\n","protected":false},"author":4,"featured_media":11502,"comment_status":"closed","ping_status":"0","sticky":false,"template":"","format":"standard","meta":{"_acf_changed":false,"footnotes":""},"categories":[41,84],"tags":[19,40],"class_list":["post-11508","post","type-post","status-publish","format-standard","has-post-thumbnail","hentry","category-programa-educativo-fra","category-actividades-2","tag-actividades-culturales","tag-programa-educativo","masonry-post","generate-columns","tablet-grid-50","mobile-grid-100","grid-parent","grid-25"],"acf":[],"_links":{"self":[{"href":"https:\/\/www.fundacionrodriguezacosta.com\/en\/wp-json\/wp\/v2\/posts\/11508","targetHints":{"allow":["GET"]}}],"collection":[{"href":"https:\/\/www.fundacionrodriguezacosta.com\/en\/wp-json\/wp\/v2\/posts"}],"about":[{"href":"https:\/\/www.fundacionrodriguezacosta.com\/en\/wp-json\/wp\/v2\/types\/post"}],"author":[{"embeddable":true,"href":"https:\/\/www.fundacionrodriguezacosta.com\/en\/wp-json\/wp\/v2\/users\/4"}],"replies":[{"embeddable":true,"href":"https:\/\/www.fundacionrodriguezacosta.com\/en\/wp-json\/wp\/v2\/comments?post=11508"}],"version-history":[{"count":5,"href":"https:\/\/www.fundacionrodriguezacosta.com\/en\/wp-json\/wp\/v2\/posts\/11508\/revisions"}],"predecessor-version":[{"id":11537,"href":"https:\/\/www.fundacionrodriguezacosta.com\/en\/wp-json\/wp\/v2\/posts\/11508\/revisions\/11537"}],"wp:featuredmedia":[{"embeddable":true,"href":"https:\/\/www.fundacionrodriguezacosta.com\/en\/wp-json\/wp\/v2\/media\/11502"}],"wp:attachment":[{"href":"https:\/\/www.fundacionrodriguezacosta.com\/en\/wp-json\/wp\/v2\/media?parent=11508"}],"wp:term":[{"taxonomy":"category","embeddable":true,"href":"https:\/\/www.fundacionrodriguezacosta.com\/en\/wp-json\/wp\/v2\/categories?post=11508"},{"taxonomy":"post_tag","embeddable":true,"href":"https:\/\/www.fundacionrodriguezacosta.com\/en\/wp-json\/wp\/v2\/tags?post=11508"}],"curies":[{"name":"wp","href":"https:\/\/api.w.org\/{rel}","templated":true}]}}