{"id":11477,"date":"2025-05-31T00:17:36","date_gmt":"2025-05-30T22:17:36","guid":{"rendered":"https:\/\/www.fundacionrodriguezacosta.com\/?p=11477"},"modified":"2025-05-31T00:19:02","modified_gmt":"2025-05-30T22:19:02","slug":"talleres-de-verano-2025","status":"publish","type":"post","link":"https:\/\/www.fundacionrodriguezacosta.com\/en\/blog\/talleres-de-verano-2025\/","title":{"rendered":"Talleres de verano 2025"},"content":{"rendered":"\n<p>Ya est\u00e1n aqu\u00ed los talleres de verano de la Fundaci\u00f3n Rodr\u00edguez-Acosta. <\/p>\n\n\n\n<p>En esta ocasi\u00f3n se impartir\u00e1n durante 3 semanas con las siguientes tem\u00e1ticas y fechas:<\/p>\n\n\n\n<p>Arte y Arquitectura: 30 de junio a 4 de julio<\/p>\n\n\n\n<p>Historia y Legado: 7 a 11 de julio<\/p>\n\n\n\n<p>Fotograf\u00eda y Nuevas T\u00e9cnicas: 14 a 18 de julio<\/p>\n\n\n\n<p>Si quieres descargar la programaci\u00f3n e instrucciones pincha aqu\u00ed -> <a href=\"https:\/\/www.fundacionrodriguezacosta.com\/wp-content\/uploads\/2025\/05\/Fundacion-Rodriguez-Acosta_Programacion.pdf\">Programaci\u00f3n<\/a><\/p>\n\n\n\n<p>Si quieres descargar la ficha de inscripci\u00f3n pincha aqu\u00ed -&gt; <a href=\"https:\/\/www.fundacionrodriguezacosta.com\/wp-content\/uploads\/2025\/05\/Formulario-Talleres-de-Verano-2025_A.pdf\">Ficha de inscripci\u00f3n<\/a><\/p>\n\n\n<div class=\"gb-container gb-container-e09a2c9c\">\n\n<p>Os esperamos!!! <\/p>\n\n\n<div class=\"wp-block-image\">\n<figure class=\"alignright size-large\"><img decoding=\"async\" width=\"768\" height=\"1024\" src=\"https:\/\/www.fundacionrodriguezacosta.com\/wp-content\/uploads\/2025\/05\/IMG-20210709-WA0008-768x1024.jpg\" alt=\"Talleres de verano 2025\" class=\"wp-image-11469\" srcset=\"https:\/\/www.fundacionrodriguezacosta.com\/wp-content\/uploads\/2025\/05\/IMG-20210709-WA0008-768x1024.jpg 768w, https:\/\/www.fundacionrodriguezacosta.com\/wp-content\/uploads\/2025\/05\/IMG-20210709-WA0008-225x300.jpg 225w, https:\/\/www.fundacionrodriguezacosta.com\/wp-content\/uploads\/2025\/05\/IMG-20210709-WA0008-1152x1536.jpg 1152w, https:\/\/www.fundacionrodriguezacosta.com\/wp-content\/uploads\/2025\/05\/IMG-20210709-WA0008.jpg 1200w\" sizes=\"(max-width: 768px) 100vw, 768px\" \/><\/figure>\n<\/div>\n<\/div>","protected":false},"excerpt":{"rendered":"<p>Ya est\u00e1n aqu\u00ed los talleres de verano de la Fundaci\u00f3n Rodr\u00edguez-Acosta. En esta ocasi\u00f3n se impartir\u00e1n durante 3 semanas con las siguientes tem\u00e1ticas y fechas: &#8230; <\/p>\n<p class=\"read-more-container\"><a title=\"Talleres de verano 2025\" class=\"read-more button\" href=\"https:\/\/www.fundacionrodriguezacosta.com\/en\/blog\/talleres-de-verano-2025\/#more-11477\" aria-label=\"Read more about Talleres de verano 2025\">READ MORE<\/a><\/p>\n","protected":false},"author":4,"featured_media":11471,"comment_status":"closed","ping_status":"0","sticky":false,"template":"","format":"standard","meta":{"_acf_changed":false,"footnotes":""},"categories":[84,15,41,1],"tags":[19,40],"class_list":["post-11477","post","type-post","status-publish","format-standard","has-post-thumbnail","hentry","category-actividades-2","category-novedades","category-programa-educativo-fra","category-uncategorized","tag-actividades-culturales","tag-programa-educativo","masonry-post","generate-columns","tablet-grid-50","mobile-grid-100","grid-parent","grid-25"],"acf":[],"_links":{"self":[{"href":"https:\/\/www.fundacionrodriguezacosta.com\/en\/wp-json\/wp\/v2\/posts\/11477","targetHints":{"allow":["GET"]}}],"collection":[{"href":"https:\/\/www.fundacionrodriguezacosta.com\/en\/wp-json\/wp\/v2\/posts"}],"about":[{"href":"https:\/\/www.fundacionrodriguezacosta.com\/en\/wp-json\/wp\/v2\/types\/post"}],"author":[{"embeddable":true,"href":"https:\/\/www.fundacionrodriguezacosta.com\/en\/wp-json\/wp\/v2\/users\/4"}],"replies":[{"embeddable":true,"href":"https:\/\/www.fundacionrodriguezacosta.com\/en\/wp-json\/wp\/v2\/comments?post=11477"}],"version-history":[{"count":5,"href":"https:\/\/www.fundacionrodriguezacosta.com\/en\/wp-json\/wp\/v2\/posts\/11477\/revisions"}],"predecessor-version":[{"id":11482,"href":"https:\/\/www.fundacionrodriguezacosta.com\/en\/wp-json\/wp\/v2\/posts\/11477\/revisions\/11482"}],"wp:featuredmedia":[{"embeddable":true,"href":"https:\/\/www.fundacionrodriguezacosta.com\/en\/wp-json\/wp\/v2\/media\/11471"}],"wp:attachment":[{"href":"https:\/\/www.fundacionrodriguezacosta.com\/en\/wp-json\/wp\/v2\/media?parent=11477"}],"wp:term":[{"taxonomy":"category","embeddable":true,"href":"https:\/\/www.fundacionrodriguezacosta.com\/en\/wp-json\/wp\/v2\/categories?post=11477"},{"taxonomy":"post_tag","embeddable":true,"href":"https:\/\/www.fundacionrodriguezacosta.com\/en\/wp-json\/wp\/v2\/tags?post=11477"}],"curies":[{"name":"wp","href":"https:\/\/api.w.org\/{rel}","templated":true}]}}