{"id":11458,"date":"2025-05-30T12:58:35","date_gmt":"2025-05-30T10:58:35","guid":{"rendered":"https:\/\/www.fundacionrodriguezacosta.com\/?p=11458"},"modified":"2025-07-09T00:26:30","modified_gmt":"2025-07-08T22:26:30","slug":"exposicion-las-aguas-verdes-de-pedro-garciarias-junio-septiembre-2025","status":"publish","type":"post","link":"https:\/\/www.fundacionrodriguezacosta.com\/en\/blog\/exposicion-las-aguas-verdes-de-pedro-garciarias-junio-septiembre-2025\/","title":{"rendered":"Exposici\u00f3n: &#8220;Las Aguas Verdes&#8221; de Pedro Garciarias, junio-septiembre 2025"},"content":{"rendered":"\n<p>El pr\u00f3ximo mi\u00e9rcoles 4 de junio inauguraremos nuestra tercera exposici\u00f3n de gabinete de este a\u00f1o 2025, esta vez dedicada un gran amigo y maestro: Pedro Garciarias. <\/p>\n\n\n\n<p>Esta muestra nos traslada a la visi\u00f3n pict\u00f3rica de un artista con acentos caracter\u00edsticos de color y luz, que lo hacen inconfundible. <\/p>\n\n\n\n<p>En su<a href=\"http:\/\/www.culturandalucia.com\/Pedro_Garciarias_%C3%81lb%C3%BAm_de_Fotos_INDICE.htm\" target=\"_blank\" rel=\"noopener\"> dilatada carrera <\/a>se han se\u00f1alado siempre virtuosas las desbordantes manchas de color que dejan los trazos del dibujo ocultos. <\/p>\n\n\n\n<p>Su luz nos lleva a espacios llenos de sol y vegetaci\u00f3n desbordante, aunque en la inspiraci\u00f3n de sus pinturas hay un trasfondo intelectual cuidado y lleno de matices.<\/p>\n\n\n\n<p>Esta muestra se podr\u00e1 ver desde el 4 de junio al 7 de septiembre, con el ticket de entrada de cualquiera de los tipos de visita p\u00fablica de la Fundaci\u00f3n. <\/p>\n\n\n\n<p>Mira el v\u00eddeo de la<a href=\"https:\/\/www.youtube.com\/shorts\/lqJaMOSltSE\" target=\"_blank\" rel=\"noopener\"> inauguraci\u00f3n! -><\/a><\/p>\n\n\n\n<p>Os esperamos!<\/p>\n\n\n<div class=\"gb-container gb-container-b5f52b35\">\n\n<p>Folleto de mano <\/p>\n\n\n\n<figure class=\"wp-block-image size-large\"><img decoding=\"async\" width=\"1024\" height=\"724\" src=\"https:\/\/www.fundacionrodriguezacosta.com\/wp-content\/uploads\/2025\/05\/Folleto-Mano-Garciarias-1024x724.jpg\" alt=\"Pedro Garciarias. Exposici\u00f3n 4, junio, 2025 Folleto de mano 1\" class=\"wp-image-11454\" srcset=\"https:\/\/www.fundacionrodriguezacosta.com\/wp-content\/uploads\/2025\/05\/Folleto-Mano-Garciarias-1024x724.jpg 1024w, https:\/\/www.fundacionrodriguezacosta.com\/wp-content\/uploads\/2025\/05\/Folleto-Mano-Garciarias-300x212.jpg 300w, https:\/\/www.fundacionrodriguezacosta.com\/wp-content\/uploads\/2025\/05\/Folleto-Mano-Garciarias-768x543.jpg 768w, https:\/\/www.fundacionrodriguezacosta.com\/wp-content\/uploads\/2025\/05\/Folleto-Mano-Garciarias-1536x1086.jpg 1536w, https:\/\/www.fundacionrodriguezacosta.com\/wp-content\/uploads\/2025\/05\/Folleto-Mano-Garciarias.jpg 1754w\" sizes=\"(max-width: 1024px) 100vw, 1024px\" \/><\/figure>\n\n<\/div>\n\n<div class=\"gb-container gb-container-235612c6\">\n\n<p>Folleto de mano <\/p>\n\n\n\n<figure class=\"wp-block-image size-large\"><img decoding=\"async\" width=\"1024\" height=\"724\" src=\"https:\/\/www.fundacionrodriguezacosta.com\/wp-content\/uploads\/2025\/05\/Folleto-Mano-Garciarias2-1024x724.jpg\" alt=\"Pedro Garciarias. Exposici\u00f3n 4, junio, 2025 Folleto de mano 2\" class=\"wp-image-11456\" srcset=\"https:\/\/www.fundacionrodriguezacosta.com\/wp-content\/uploads\/2025\/05\/Folleto-Mano-Garciarias2-1024x724.jpg 1024w, https:\/\/www.fundacionrodriguezacosta.com\/wp-content\/uploads\/2025\/05\/Folleto-Mano-Garciarias2-300x212.jpg 300w, https:\/\/www.fundacionrodriguezacosta.com\/wp-content\/uploads\/2025\/05\/Folleto-Mano-Garciarias2-768x543.jpg 768w, https:\/\/www.fundacionrodriguezacosta.com\/wp-content\/uploads\/2025\/05\/Folleto-Mano-Garciarias2-1536x1086.jpg 1536w, https:\/\/www.fundacionrodriguezacosta.com\/wp-content\/uploads\/2025\/05\/Folleto-Mano-Garciarias2.jpg 1754w\" sizes=\"(max-width: 1024px) 100vw, 1024px\" \/><\/figure>\n\n<\/div>\n\n\n<p><\/p>\n","protected":false},"excerpt":{"rendered":"<p>El pr\u00f3ximo mi\u00e9rcoles 4 de junio inauguraremos nuestra tercera exposici\u00f3n de gabinete de este a\u00f1o 2025, esta vez dedicada un gran amigo y maestro: Pedro &#8230; <\/p>\n<p class=\"read-more-container\"><a title=\"Exposici\u00f3n: &#8220;Las Aguas Verdes&#8221; de Pedro Garciarias, junio-septiembre 2025\" class=\"read-more button\" href=\"https:\/\/www.fundacionrodriguezacosta.com\/en\/blog\/exposicion-las-aguas-verdes-de-pedro-garciarias-junio-septiembre-2025\/#more-11458\" aria-label=\"Read more about Exposici\u00f3n: &#8220;Las Aguas Verdes&#8221; de Pedro Garciarias, junio-septiembre 2025\">READ MORE<\/a><\/p>\n","protected":false},"author":4,"featured_media":11462,"comment_status":"closed","ping_status":"0","sticky":false,"template":"","format":"standard","meta":{"_acf_changed":false,"footnotes":""},"categories":[84,26,45,15,1],"tags":[19,54,29],"class_list":["post-11458","post","type-post","status-publish","format-standard","has-post-thumbnail","hentry","category-actividades-2","category-eventos-en-la-fundacion","category-exposiciones","category-novedades","category-uncategorized","tag-actividades-culturales","tag-arte-y-cultura","tag-difusion","masonry-post","generate-columns","tablet-grid-50","mobile-grid-100","grid-parent","grid-25"],"acf":[],"_links":{"self":[{"href":"https:\/\/www.fundacionrodriguezacosta.com\/en\/wp-json\/wp\/v2\/posts\/11458","targetHints":{"allow":["GET"]}}],"collection":[{"href":"https:\/\/www.fundacionrodriguezacosta.com\/en\/wp-json\/wp\/v2\/posts"}],"about":[{"href":"https:\/\/www.fundacionrodriguezacosta.com\/en\/wp-json\/wp\/v2\/types\/post"}],"author":[{"embeddable":true,"href":"https:\/\/www.fundacionrodriguezacosta.com\/en\/wp-json\/wp\/v2\/users\/4"}],"replies":[{"embeddable":true,"href":"https:\/\/www.fundacionrodriguezacosta.com\/en\/wp-json\/wp\/v2\/comments?post=11458"}],"version-history":[{"count":8,"href":"https:\/\/www.fundacionrodriguezacosta.com\/en\/wp-json\/wp\/v2\/posts\/11458\/revisions"}],"predecessor-version":[{"id":11546,"href":"https:\/\/www.fundacionrodriguezacosta.com\/en\/wp-json\/wp\/v2\/posts\/11458\/revisions\/11546"}],"wp:featuredmedia":[{"embeddable":true,"href":"https:\/\/www.fundacionrodriguezacosta.com\/en\/wp-json\/wp\/v2\/media\/11462"}],"wp:attachment":[{"href":"https:\/\/www.fundacionrodriguezacosta.com\/en\/wp-json\/wp\/v2\/media?parent=11458"}],"wp:term":[{"taxonomy":"category","embeddable":true,"href":"https:\/\/www.fundacionrodriguezacosta.com\/en\/wp-json\/wp\/v2\/categories?post=11458"},{"taxonomy":"post_tag","embeddable":true,"href":"https:\/\/www.fundacionrodriguezacosta.com\/en\/wp-json\/wp\/v2\/tags?post=11458"}],"curies":[{"name":"wp","href":"https:\/\/api.w.org\/{rel}","templated":true}]}}