{"id":11426,"date":"2025-05-19T14:12:13","date_gmt":"2025-05-19T12:12:13","guid":{"rendered":"https:\/\/www.fundacionrodriguezacosta.com\/?p=11426"},"modified":"2025-05-26T17:25:07","modified_gmt":"2025-05-26T15:25:07","slug":"jornada-sobre-derecho-de-aguas-en-la-fundacion-rodriguez-acosta-16-mayo-2025","status":"publish","type":"post","link":"https:\/\/www.fundacionrodriguezacosta.com\/en\/blog\/jornada-sobre-derecho-de-aguas-en-la-fundacion-rodriguez-acosta-16-mayo-2025\/","title":{"rendered":"Jornada sobre Derecho de Aguas en la Fundaci\u00f3n Rodr\u00edguez-Acosta (16 mayo 2025)"},"content":{"rendered":"<div class=\"gb-container gb-container-e15b9f6c\">\n<div class=\"wp-block-image\">\n<figure class=\"alignright size-large is-resized\"><img decoding=\"async\" width=\"1024\" height=\"576\" src=\"https:\/\/www.fundacionrodriguezacosta.com\/wp-content\/uploads\/2025\/05\/IMG-20250517-WA0007-1024x576.jpg\" alt=\"Jornada Derecho de Aguas 16 mayo 2025\" class=\"wp-image-11420\" style=\"width:786px;height:auto\" srcset=\"https:\/\/www.fundacionrodriguezacosta.com\/wp-content\/uploads\/2025\/05\/IMG-20250517-WA0007-1024x576.jpg 1024w, https:\/\/www.fundacionrodriguezacosta.com\/wp-content\/uploads\/2025\/05\/IMG-20250517-WA0007-300x169.jpg 300w, https:\/\/www.fundacionrodriguezacosta.com\/wp-content\/uploads\/2025\/05\/IMG-20250517-WA0007-768x432.jpg 768w, https:\/\/www.fundacionrodriguezacosta.com\/wp-content\/uploads\/2025\/05\/IMG-20250517-WA0007-1536x864.jpg 1536w, https:\/\/www.fundacionrodriguezacosta.com\/wp-content\/uploads\/2025\/05\/IMG-20250517-WA0007.jpg 1600w\" sizes=\"(max-width: 1024px) 100vw, 1024px\" \/><\/figure>\n<\/div>\n\n\n<p>El pasado viernes 16 de mayo, acogimos la actividad &#8220;<a href=\"https:\/\/www.fundacionrodriguezacosta.com\/wp-content\/uploads\/2025\/05\/Programa-Jornada-sobre-Derecho-de-Aguas-FRA.pdf\">Jornada sobre Derecho de Aguas<\/a>&#8221; , enmarcada dentro del M\u00e1ster que organiza el Departamento de Derecho Administrativo<br>de la Universidad de Granada y coordinada por el Catedr\u00e1tico de la UGR, Don Estanislao Arana Garc\u00eda y el Letrado Jefe de la Junta de Andaluc\u00eda en Granada, Don Antonio Luis Fern\u00e1ndez Mallol,<br>quienes presentaron junto al Gerente de la Fundaci\u00f3n, Don \u00cd\u00f1igo Entrala Bueno, el inicio de esta Jornada que concluy\u00f3 con una visita de las personas asistentes al carmen sede de la Fundaci\u00f3n<br>Rodr\u00edguez-Acosta.<\/p>\n\n\n\n<p><br>Las sesiones contaron con la participaci\u00f3n e intervenci\u00f3n de:<\/p>\n\n<\/div>\n\n<div class=\"gb-container gb-container-63d47688\">\n\n<ul class=\"wp-block-list\">\n<li>Don Luis \u00c1ngel Gollonet Teruel, Ilmo. Presidente Sala de lo Contencioso Administrativo de<br>Granada del Tribunal Superior de Justicia de Andaluc\u00eda<\/li>\n\n\n\n<li>Do\u00f1a \u00c1ngeles Huet De Sande, Excma. Magistrada de lo Contencioso Administrativo del Tribunal<br>Supremo<\/li>\n\n\n\n<li>Do\u00f1a Raquel Venegas Carmona, Letrada Adjunta Servicio Jur\u00eddico Provincial de Granada<\/li>\n\n\n\n<li>Don Esteban Arimany Lamoglia, Abogado del Estado y Director del Foro Mediterr\u00e1neo del Agua,<br>la Energ\u00eda y la Alimentaci\u00f3n<\/li>\n\n\n\n<li>Don Jorge Moral Garc\u00eda, Letrado de la Junta de Andaluc\u00eda<\/li>\n\n\n\n<li>Don Jes\u00fas Conde Antequera, Profesor Titular de Derecho Administrativo y Director Dpto.<br>Derecho Administrativo UGR<\/li>\n\n\n\n<li>Don Alberto S\u00e1nchez Mart\u00ednez, Consejero T\u00e9cnico del Gabinete Jur\u00eddico de la Junta de Andaluc\u00eda<br>en Granada<\/li>\n\n\n\n<li>Don Asensio Navarro Ortega, Contratado-Doctor del Dpto. De Derecho Administrativo de la UGR<\/li>\n\n\n\n<li>Don Rafael Bermejo Pastor, Letrado de la Junta de Andaluc\u00eda<\/li>\n<\/ul>\n\n\n<div class=\"wp-block-image\">\n<figure class=\"aligncenter size-large is-resized\"><img decoding=\"async\" width=\"1024\" height=\"860\" src=\"https:\/\/www.fundacionrodriguezacosta.com\/wp-content\/uploads\/2025\/05\/IMG-20250517-WA0013-1024x860.jpg\" alt=\"Jornada Derecho de Aguas 16 mayo 2025\" class=\"wp-image-11424\" style=\"width:773px;height:auto\" srcset=\"https:\/\/www.fundacionrodriguezacosta.com\/wp-content\/uploads\/2025\/05\/IMG-20250517-WA0013-1024x860.jpg 1024w, https:\/\/www.fundacionrodriguezacosta.com\/wp-content\/uploads\/2025\/05\/IMG-20250517-WA0013-300x252.jpg 300w, https:\/\/www.fundacionrodriguezacosta.com\/wp-content\/uploads\/2025\/05\/IMG-20250517-WA0013-768x645.jpg 768w, https:\/\/www.fundacionrodriguezacosta.com\/wp-content\/uploads\/2025\/05\/IMG-20250517-WA0013-1536x1290.jpg 1536w, https:\/\/www.fundacionrodriguezacosta.com\/wp-content\/uploads\/2025\/05\/IMG-20250517-WA0013.jpg 1571w\" sizes=\"(max-width: 1024px) 100vw, 1024px\" \/><\/figure>\n<\/div>\n<\/div>","protected":false},"excerpt":{"rendered":"<p>El pasado viernes 16 de mayo, acogimos la actividad &#8220;Jornada sobre Derecho de Aguas&#8221; , enmarcada dentro del M\u00e1ster que organiza el Departamento de Derecho &#8230; <\/p>\n<p class=\"read-more-container\"><a title=\"Jornada sobre Derecho de Aguas en la Fundaci\u00f3n Rodr\u00edguez-Acosta (16 mayo 2025)\" class=\"read-more button\" href=\"https:\/\/www.fundacionrodriguezacosta.com\/en\/blog\/jornada-sobre-derecho-de-aguas-en-la-fundacion-rodriguez-acosta-16-mayo-2025\/#more-11426\" aria-label=\"Read more about Jornada sobre Derecho de Aguas en la Fundaci\u00f3n Rodr\u00edguez-Acosta (16 mayo 2025)\">READ MORE<\/a><\/p>\n","protected":false},"author":4,"featured_media":11422,"comment_status":"closed","ping_status":"closed","sticky":false,"template":"","format":"standard","meta":{"_acf_changed":false,"footnotes":""},"categories":[84,26],"tags":[19,20,29],"class_list":["post-11426","post","type-post","status-publish","format-standard","has-post-thumbnail","hentry","category-actividades-2","category-eventos-en-la-fundacion","tag-actividades-culturales","tag-comiunicacion","tag-difusion","masonry-post","generate-columns","tablet-grid-50","mobile-grid-100","grid-parent","grid-25"],"acf":[],"_links":{"self":[{"href":"https:\/\/www.fundacionrodriguezacosta.com\/en\/wp-json\/wp\/v2\/posts\/11426","targetHints":{"allow":["GET"]}}],"collection":[{"href":"https:\/\/www.fundacionrodriguezacosta.com\/en\/wp-json\/wp\/v2\/posts"}],"about":[{"href":"https:\/\/www.fundacionrodriguezacosta.com\/en\/wp-json\/wp\/v2\/types\/post"}],"author":[{"embeddable":true,"href":"https:\/\/www.fundacionrodriguezacosta.com\/en\/wp-json\/wp\/v2\/users\/4"}],"replies":[{"embeddable":true,"href":"https:\/\/www.fundacionrodriguezacosta.com\/en\/wp-json\/wp\/v2\/comments?post=11426"}],"version-history":[{"count":3,"href":"https:\/\/www.fundacionrodriguezacosta.com\/en\/wp-json\/wp\/v2\/posts\/11426\/revisions"}],"predecessor-version":[{"id":11431,"href":"https:\/\/www.fundacionrodriguezacosta.com\/en\/wp-json\/wp\/v2\/posts\/11426\/revisions\/11431"}],"wp:featuredmedia":[{"embeddable":true,"href":"https:\/\/www.fundacionrodriguezacosta.com\/en\/wp-json\/wp\/v2\/media\/11422"}],"wp:attachment":[{"href":"https:\/\/www.fundacionrodriguezacosta.com\/en\/wp-json\/wp\/v2\/media?parent=11426"}],"wp:term":[{"taxonomy":"category","embeddable":true,"href":"https:\/\/www.fundacionrodriguezacosta.com\/en\/wp-json\/wp\/v2\/categories?post=11426"},{"taxonomy":"post_tag","embeddable":true,"href":"https:\/\/www.fundacionrodriguezacosta.com\/en\/wp-json\/wp\/v2\/tags?post=11426"}],"curies":[{"name":"wp","href":"https:\/\/api.w.org\/{rel}","templated":true}]}}