{"id":11415,"date":"2025-05-15T00:41:04","date_gmt":"2025-05-14T22:41:04","guid":{"rendered":"https:\/\/www.fundacionrodriguezacosta.com\/?p=11415"},"modified":"2025-05-15T00:43:50","modified_gmt":"2025-05-14T22:43:50","slug":"visitas-gratuitas-para-el-dia-internacional-de-los-museos-2025-en-la-fundacion-rodriguez-acosta","status":"publish","type":"post","link":"https:\/\/www.fundacionrodriguezacosta.com\/en\/blog\/visitas-gratuitas-para-el-dia-internacional-de-los-museos-2025-en-la-fundacion-rodriguez-acosta\/","title":{"rendered":"Visitas gratuitas para el D\u00eda Internacional de los Museos 2025 en la Fundaci\u00f3n Rodr\u00edguez-Acosta"},"content":{"rendered":"<div class=\"gb-container gb-container-8b1b0c6e\">\n\n<p>Este pr\u00f3ximo domingo 18 de mayo celebraremos el D\u00eda Internacional de los Museos con visitas gratuitas. Durante todas la ma\u00f1ana, cada media hora, habr\u00e1 pases de visita gratuita que recorrer\u00e1n los jardines de la Fundaci\u00f3n y las Galer\u00edas Subterr\u00e1neas. <\/p>\n\n\n\n<p>El primer pase ser\u00e1 a las 10:00 h. y el \u00faltimo a las 14:00 h. El n\u00famero de personas por pase ser\u00e1 reducido (10 personas), por seguridad y calidad de la visita, al incluirse en ella las <a href=\"https:\/\/www.youtube.com\/watch?v=Z71k6cD0O3o\" target=\"_blank\" rel=\"noopener\">Galer\u00edas Subterr\u00e1neas<\/a><\/p>\n\n\n\n<p>Para participar solo tienes que retirar tus entradas en la taquilla de la Fundaci\u00f3n, 15 minutos antes del inicio del pase de visita elegido. Para la distribuci\u00f3n de las entradas se respetar\u00e1 estrictamente el orden de llegada. <\/p>\n\n\n\n<p>Os esperamos!<\/p>\n\n\n<div class=\"wp-block-image\">\n<figure class=\"alignright size-large\"><img decoding=\"async\" width=\"576\" height=\"1024\" src=\"https:\/\/www.fundacionrodriguezacosta.com\/wp-content\/uploads\/2025\/05\/1080x1920-576x1024.jpg\" alt=\"Cartel: D\u00eda Internacional de los Museo 2025\" class=\"wp-image-11413\" srcset=\"https:\/\/www.fundacionrodriguezacosta.com\/wp-content\/uploads\/2025\/05\/1080x1920-576x1024.jpg 576w, https:\/\/www.fundacionrodriguezacosta.com\/wp-content\/uploads\/2025\/05\/1080x1920-169x300.jpg 169w, https:\/\/www.fundacionrodriguezacosta.com\/wp-content\/uploads\/2025\/05\/1080x1920-768x1365.jpg 768w, https:\/\/www.fundacionrodriguezacosta.com\/wp-content\/uploads\/2025\/05\/1080x1920-864x1536.jpg 864w, https:\/\/www.fundacionrodriguezacosta.com\/wp-content\/uploads\/2025\/05\/1080x1920.jpg 1080w\" sizes=\"(max-width: 576px) 100vw, 576px\" \/><\/figure>\n<\/div>\n<\/div>","protected":false},"excerpt":{"rendered":"<p>Este pr\u00f3ximo domingo 18 de mayo celebraremos el D\u00eda Internacional de los Museos con visitas gratuitas. Durante todas la ma\u00f1ana, cada media hora, habr\u00e1 pases &#8230; <\/p>\n<p class=\"read-more-container\"><a title=\"Visitas gratuitas para el D\u00eda Internacional de los Museos 2025 en la Fundaci\u00f3n Rodr\u00edguez-Acosta\" class=\"read-more button\" href=\"https:\/\/www.fundacionrodriguezacosta.com\/en\/blog\/visitas-gratuitas-para-el-dia-internacional-de-los-museos-2025-en-la-fundacion-rodriguez-acosta\/#more-11415\" aria-label=\"Read more about Visitas gratuitas para el D\u00eda Internacional de los Museos 2025 en la Fundaci\u00f3n Rodr\u00edguez-Acosta\">READ MORE<\/a><\/p>\n","protected":false},"author":4,"featured_media":11411,"comment_status":"closed","ping_status":"0","sticky":false,"template":"","format":"standard","meta":{"_acf_changed":false,"footnotes":""},"categories":[84,15,42],"tags":[19,32,29],"class_list":["post-11415","post","type-post","status-publish","format-standard","has-post-thumbnail","hentry","category-actividades-2","category-novedades","category-visitas","tag-actividades-culturales","tag-aniversarios-y-efemerides","tag-difusion","masonry-post","generate-columns","tablet-grid-50","mobile-grid-100","grid-parent","grid-25"],"acf":[],"_links":{"self":[{"href":"https:\/\/www.fundacionrodriguezacosta.com\/en\/wp-json\/wp\/v2\/posts\/11415","targetHints":{"allow":["GET"]}}],"collection":[{"href":"https:\/\/www.fundacionrodriguezacosta.com\/en\/wp-json\/wp\/v2\/posts"}],"about":[{"href":"https:\/\/www.fundacionrodriguezacosta.com\/en\/wp-json\/wp\/v2\/types\/post"}],"author":[{"embeddable":true,"href":"https:\/\/www.fundacionrodriguezacosta.com\/en\/wp-json\/wp\/v2\/users\/4"}],"replies":[{"embeddable":true,"href":"https:\/\/www.fundacionrodriguezacosta.com\/en\/wp-json\/wp\/v2\/comments?post=11415"}],"version-history":[{"count":2,"href":"https:\/\/www.fundacionrodriguezacosta.com\/en\/wp-json\/wp\/v2\/posts\/11415\/revisions"}],"predecessor-version":[{"id":11418,"href":"https:\/\/www.fundacionrodriguezacosta.com\/en\/wp-json\/wp\/v2\/posts\/11415\/revisions\/11418"}],"wp:featuredmedia":[{"embeddable":true,"href":"https:\/\/www.fundacionrodriguezacosta.com\/en\/wp-json\/wp\/v2\/media\/11411"}],"wp:attachment":[{"href":"https:\/\/www.fundacionrodriguezacosta.com\/en\/wp-json\/wp\/v2\/media?parent=11415"}],"wp:term":[{"taxonomy":"category","embeddable":true,"href":"https:\/\/www.fundacionrodriguezacosta.com\/en\/wp-json\/wp\/v2\/categories?post=11415"},{"taxonomy":"post_tag","embeddable":true,"href":"https:\/\/www.fundacionrodriguezacosta.com\/en\/wp-json\/wp\/v2\/tags?post=11415"}],"curies":[{"name":"wp","href":"https:\/\/api.w.org\/{rel}","templated":true}]}}