{"id":11407,"date":"2025-05-08T21:14:56","date_gmt":"2025-05-08T19:14:56","guid":{"rendered":"https:\/\/www.fundacionrodriguezacosta.com\/?p=11407"},"modified":"2025-05-08T21:15:03","modified_gmt":"2025-05-08T19:15:03","slug":"visita-del-staff-training-week-biblioteca-universitaria-de-granada-ugr","status":"publish","type":"post","link":"https:\/\/www.fundacionrodriguezacosta.com\/en\/blog\/visita-del-staff-training-week-biblioteca-universitaria-de-granada-ugr\/","title":{"rendered":"Visita del Staff Training Week, Biblioteca Universitaria de Granada (UGR)"},"content":{"rendered":"\n<p>Esta tarde hemos tenido la visita del grupo de bibliotecarios internacional que ha participado en el Staff Training Week de la Biblioteca Universitaria de Granada (UGR). Microsoft Word &#8211; Visita a la Fundacion Publica Andaluza Rodriguez-Acosta<\/p>\n\n\n\n<p>Se trata de una semana de formaci\u00f3n y encuentro profesional de la Biblioteca de la UGR, dirigida a profesionales bibliotecarios de centros de educaci\u00f3n superior e investigaci\u00f3n de los pa\u00edses miembros del programa o asociados. El evento consiste en diversas conferencias te\u00f3ricas y talleres sobre diferentes temas profesionales, as\u00ed como en visitas a algunas bibliotecas y espacios culturales de la ciudad.<\/p>\n\n\n\n<p>Entre ellas, han considerado que ser\u00eda importante para los participantes conocer de primera mano las dos bibliotecas hist\u00f3ricas de la Fundaci\u00f3n, tanto la creada por el pintor Jos\u00e9 Mar\u00eda Rodr\u00edguez-Acosta como la formada por el arque\u00f3logo e historiador del arte Manuel G\u00f3mez-Moreno Mart\u00ednez. El conservador de la Fundaci\u00f3n, Javier Moya Morales, ha sido el encargado de guiar esta visita que ha recorrido diferentes espacios de nuestro recinto monumental. <\/p>\n\n\n<div class=\"gb-container gb-container-bdfb25b7\">\n\n<p>Gracias a la Directora de la biblioteca universitaria de Granada, Olga M\u00aa Moreno Trujillo por incluirnos entre las actividades de este evento internacional. \u00a1Hasta pronto!<\/p>\n\n\n\n<figure class=\"wp-block-image size-large\"><img decoding=\"async\" width=\"1024\" height=\"768\" src=\"https:\/\/www.fundacionrodriguezacosta.com\/wp-content\/uploads\/2025\/05\/PHOTO-2025-05-08-20-02-59-1024x768.jpg\" alt=\"Staff Training Week Biblioteca Universitaria de Granada (UGR) visita 8 mayo 2025\" class=\"wp-image-11403\" srcset=\"https:\/\/www.fundacionrodriguezacosta.com\/wp-content\/uploads\/2025\/05\/PHOTO-2025-05-08-20-02-59-1024x768.jpg 1024w, https:\/\/www.fundacionrodriguezacosta.com\/wp-content\/uploads\/2025\/05\/PHOTO-2025-05-08-20-02-59-300x225.jpg 300w, https:\/\/www.fundacionrodriguezacosta.com\/wp-content\/uploads\/2025\/05\/PHOTO-2025-05-08-20-02-59-768x576.jpg 768w, https:\/\/www.fundacionrodriguezacosta.com\/wp-content\/uploads\/2025\/05\/PHOTO-2025-05-08-20-02-59-1536x1152.jpg 1536w, https:\/\/www.fundacionrodriguezacosta.com\/wp-content\/uploads\/2025\/05\/PHOTO-2025-05-08-20-02-59.jpg 1600w\" sizes=\"(max-width: 1024px) 100vw, 1024px\" \/><\/figure>\n\n<\/div>","protected":false},"excerpt":{"rendered":"<p>Esta tarde hemos tenido la visita del grupo de bibliotecarios internacional que ha participado en el Staff Training Week de la Biblioteca Universitaria de Granada &#8230; <\/p>\n<p class=\"read-more-container\"><a title=\"Visita del Staff Training Week, Biblioteca Universitaria de Granada (UGR)\" class=\"read-more button\" href=\"https:\/\/www.fundacionrodriguezacosta.com\/en\/blog\/visita-del-staff-training-week-biblioteca-universitaria-de-granada-ugr\/#more-11407\" aria-label=\"Read more about Visita del Staff Training Week, Biblioteca Universitaria de Granada (UGR)\">READ MORE<\/a><\/p>\n","protected":false},"author":4,"featured_media":11405,"comment_status":"closed","ping_status":"0","sticky":false,"template":"","format":"standard","meta":{"_acf_changed":false,"footnotes":""},"categories":[52,84,65,36,42],"tags":[19,33,18],"class_list":["post-11407","post","type-post","status-publish","format-standard","has-post-thumbnail","hentry","category-investigacion-2","category-actividades-2","category-instituto-gomez-moreno","category-nuestras-colecciones","category-visitas","tag-actividades-culturales","tag-investigacion","tag-visitas-culturales","masonry-post","generate-columns","tablet-grid-50","mobile-grid-100","grid-parent","grid-25"],"acf":[],"_links":{"self":[{"href":"https:\/\/www.fundacionrodriguezacosta.com\/en\/wp-json\/wp\/v2\/posts\/11407","targetHints":{"allow":["GET"]}}],"collection":[{"href":"https:\/\/www.fundacionrodriguezacosta.com\/en\/wp-json\/wp\/v2\/posts"}],"about":[{"href":"https:\/\/www.fundacionrodriguezacosta.com\/en\/wp-json\/wp\/v2\/types\/post"}],"author":[{"embeddable":true,"href":"https:\/\/www.fundacionrodriguezacosta.com\/en\/wp-json\/wp\/v2\/users\/4"}],"replies":[{"embeddable":true,"href":"https:\/\/www.fundacionrodriguezacosta.com\/en\/wp-json\/wp\/v2\/comments?post=11407"}],"version-history":[{"count":1,"href":"https:\/\/www.fundacionrodriguezacosta.com\/en\/wp-json\/wp\/v2\/posts\/11407\/revisions"}],"predecessor-version":[{"id":11408,"href":"https:\/\/www.fundacionrodriguezacosta.com\/en\/wp-json\/wp\/v2\/posts\/11407\/revisions\/11408"}],"wp:featuredmedia":[{"embeddable":true,"href":"https:\/\/www.fundacionrodriguezacosta.com\/en\/wp-json\/wp\/v2\/media\/11405"}],"wp:attachment":[{"href":"https:\/\/www.fundacionrodriguezacosta.com\/en\/wp-json\/wp\/v2\/media?parent=11407"}],"wp:term":[{"taxonomy":"category","embeddable":true,"href":"https:\/\/www.fundacionrodriguezacosta.com\/en\/wp-json\/wp\/v2\/categories?post=11407"},{"taxonomy":"post_tag","embeddable":true,"href":"https:\/\/www.fundacionrodriguezacosta.com\/en\/wp-json\/wp\/v2\/tags?post=11407"}],"curies":[{"name":"wp","href":"https:\/\/api.w.org\/{rel}","templated":true}]}}