{"id":11400,"date":"2025-05-08T00:45:28","date_gmt":"2025-05-07T22:45:28","guid":{"rendered":"https:\/\/www.fundacionrodriguezacosta.com\/?p=11400"},"modified":"2025-05-26T17:42:54","modified_gmt":"2025-05-26T15:42:54","slug":"concesion-de-la-medalla-de-honor-de-la-fundacion-a-titulo-postumo-a-miguel-rodriguez-acosta-carlstrom","status":"publish","type":"post","link":"https:\/\/www.fundacionrodriguezacosta.com\/en\/blog\/concesion-de-la-medalla-de-honor-de-la-fundacion-a-titulo-postumo-a-miguel-rodriguez-acosta-carlstrom\/","title":{"rendered":"Concesi\u00f3n de la Medalla de Honor de la Fundaci\u00f3n a t\u00edtulo p\u00f3stumo, a Miguel Rodr\u00edguez-Acosta Carlstr\u00f6m"},"content":{"rendered":"<div class=\"gb-container gb-container-4db5c6c8\">\n\n<p>En la Reuni\u00f3n de patronato extraordinaria de la Fundaci\u00f3n P\u00fablica Andaluza Rodr\u00edguez-Acosta, que se celebr\u00f3 la ma\u00f1ana del pasado viernes 2 de mayo, entre otros asuntos tratados se acord\u00f3 por unanimidad conceder la Medalla de Honor de la Instituci\u00f3n, a t\u00edtulo p\u00f3stumo, al que fue su presidente durante m\u00e1s de 60 a\u00f1os, Miguel Rodr\u00edguez-Acosta Carlstr\u00f6m, fundament\u00e1ndose el motivo de la concesi\u00f3n en raz\u00f3n de su visi\u00f3n art\u00edstica, por su legado y por su calidad humana entra\u00f1able e inolvidable.<\/p>\n\n<\/div>\n\n\n<p>Su labor de d\u00e9cadas, ha marcado las se\u00f1as de identidad de la Instituci\u00f3n; paralelamente como artista, ha ejercido un papel se\u00f1alado en el campo de las artes pl\u00e1sticas, dentro y fuera de Granada. El trabajo en pro del mantenimiento y pervivencia de la Fundaci\u00f3n Rodr\u00edguez-Acosta, as\u00ed como su visi\u00f3n, fueron los principales motores que le capacitaron para ampliar su legado, potenciando su imagen, y abri\u00e9ndole camino hacia nuevas iniciativas que avalan su trayectoria y su reconocimiento como Instituci\u00f3n cultural m\u00e1s all\u00e1 de Granada.<\/p>\n\n\n\n<p>Este galard\u00f3n recae hoy sobre el principal art\u00edfice de la creaci\u00f3n de las Medallas de Honor de la Fundaci\u00f3n Rodr\u00edguez-Acosta, que desde sus comienzos en el a\u00f1o 1967, han supuesto una llamada de atenci\u00f3n sobre aquellos personajes ilustres o instituciones, que han llevado a la ciudad de Granada por bandera. Este premio que se fue convirtiendo en cita anual para la cultura granadina, hoy es parte del obligado homenaje que la propia Fundaci\u00f3n Rodr\u00edguez-Acosta, rinde a la figura del que fue su presidente, su representante, su imagen y su valedor, dentro y fuera de nuestras fronteras.<\/p>\n\n\n<div class=\"gb-container gb-container-77dde251\">\n\n<p>Pr\u00f3ximamente se anunciar\u00e1 la fecha en la que en acto solemne que se celebrar\u00e1 en el recinto de la Fundaci\u00f3n Rodr\u00edguez-Acosta, se har\u00e1 la entrega del galard\u00f3n. <a href=\"https:\/\/www.fundacionrodriguezacosta.com\/wp-content\/uploads\/2025\/05\/NP-concesion-Medalla-D.-Miguel.pdf\">Nota de prensa <\/a><\/p>\n\n\n\n<figure class=\"wp-block-image size-large\"><img decoding=\"async\" width=\"703\" height=\"1024\" src=\"https:\/\/www.fundacionrodriguezacosta.com\/wp-content\/uploads\/2025\/05\/MR-AC-2016-703x1024.jpg\" alt=\"Miguel Rodr\u00edguez-Acosta Carlstr\u00f6m. Foto Paco Fern\u00e1ndez 2016\" class=\"wp-image-11396\" srcset=\"https:\/\/www.fundacionrodriguezacosta.com\/wp-content\/uploads\/2025\/05\/MR-AC-2016-703x1024.jpg 703w, https:\/\/www.fundacionrodriguezacosta.com\/wp-content\/uploads\/2025\/05\/MR-AC-2016-206x300.jpg 206w, https:\/\/www.fundacionrodriguezacosta.com\/wp-content\/uploads\/2025\/05\/MR-AC-2016-768x1119.jpg 768w, https:\/\/www.fundacionrodriguezacosta.com\/wp-content\/uploads\/2025\/05\/MR-AC-2016-1054x1536.jpg 1054w, https:\/\/www.fundacionrodriguezacosta.com\/wp-content\/uploads\/2025\/05\/MR-AC-2016.jpg 1315w\" sizes=\"(max-width: 703px) 100vw, 703px\" \/><\/figure>\n\n<\/div>","protected":false},"excerpt":{"rendered":"<p>En la Reuni\u00f3n de patronato extraordinaria de la Fundaci\u00f3n P\u00fablica Andaluza Rodr\u00edguez-Acosta, que se celebr\u00f3 la ma\u00f1ana del pasado viernes 2 de mayo, entre otros &#8230; <\/p>\n<p class=\"read-more-container\"><a title=\"Concesi\u00f3n de la Medalla de Honor de la Fundaci\u00f3n a t\u00edtulo p\u00f3stumo, a Miguel Rodr\u00edguez-Acosta Carlstr\u00f6m\" class=\"read-more button\" href=\"https:\/\/www.fundacionrodriguezacosta.com\/en\/blog\/concesion-de-la-medalla-de-honor-de-la-fundacion-a-titulo-postumo-a-miguel-rodriguez-acosta-carlstrom\/#more-11400\" aria-label=\"Read more about Concesi\u00f3n de la Medalla de Honor de la Fundaci\u00f3n a t\u00edtulo p\u00f3stumo, a Miguel Rodr\u00edguez-Acosta Carlstr\u00f6m\">READ MORE<\/a><\/p>\n","protected":false},"author":4,"featured_media":11398,"comment_status":"closed","ping_status":"closed","sticky":false,"template":"","format":"standard","meta":{"_acf_changed":false,"footnotes":""},"categories":[15,63,59],"tags":[20,29],"class_list":["post-11400","post","type-post","status-publish","format-standard","has-post-thumbnail","hentry","category-novedades","category-medalla-de-honor","category-prensa-y-comunicacion","tag-comiunicacion","tag-difusion","masonry-post","generate-columns","tablet-grid-50","mobile-grid-100","grid-parent","grid-25"],"acf":[],"_links":{"self":[{"href":"https:\/\/www.fundacionrodriguezacosta.com\/en\/wp-json\/wp\/v2\/posts\/11400","targetHints":{"allow":["GET"]}}],"collection":[{"href":"https:\/\/www.fundacionrodriguezacosta.com\/en\/wp-json\/wp\/v2\/posts"}],"about":[{"href":"https:\/\/www.fundacionrodriguezacosta.com\/en\/wp-json\/wp\/v2\/types\/post"}],"author":[{"embeddable":true,"href":"https:\/\/www.fundacionrodriguezacosta.com\/en\/wp-json\/wp\/v2\/users\/4"}],"replies":[{"embeddable":true,"href":"https:\/\/www.fundacionrodriguezacosta.com\/en\/wp-json\/wp\/v2\/comments?post=11400"}],"version-history":[{"count":2,"href":"https:\/\/www.fundacionrodriguezacosta.com\/en\/wp-json\/wp\/v2\/posts\/11400\/revisions"}],"predecessor-version":[{"id":11402,"href":"https:\/\/www.fundacionrodriguezacosta.com\/en\/wp-json\/wp\/v2\/posts\/11400\/revisions\/11402"}],"wp:featuredmedia":[{"embeddable":true,"href":"https:\/\/www.fundacionrodriguezacosta.com\/en\/wp-json\/wp\/v2\/media\/11398"}],"wp:attachment":[{"href":"https:\/\/www.fundacionrodriguezacosta.com\/en\/wp-json\/wp\/v2\/media?parent=11400"}],"wp:term":[{"taxonomy":"category","embeddable":true,"href":"https:\/\/www.fundacionrodriguezacosta.com\/en\/wp-json\/wp\/v2\/categories?post=11400"},{"taxonomy":"post_tag","embeddable":true,"href":"https:\/\/www.fundacionrodriguezacosta.com\/en\/wp-json\/wp\/v2\/tags?post=11400"}],"curies":[{"name":"wp","href":"https:\/\/api.w.org\/{rel}","templated":true}]}}