{"id":11389,"date":"2025-05-08T00:26:08","date_gmt":"2025-05-07T22:26:08","guid":{"rendered":"https:\/\/www.fundacionrodriguezacosta.com\/?p=11389"},"modified":"2025-05-26T17:36:18","modified_gmt":"2025-05-26T15:36:18","slug":"resena-sobre-la-conferencia-concierto-dona-francisquita-un-museo-para-ser-oido","status":"publish","type":"post","link":"https:\/\/www.fundacionrodriguezacosta.com\/en\/blog\/resena-sobre-la-conferencia-concierto-dona-francisquita-un-museo-para-ser-oido\/","title":{"rendered":"Rese\u00f1a sobre la conferencia-concierto &#8220;Do\u00f1a Francisquita&#8221;: Un museo para ser o\u00eddo"},"content":{"rendered":"<div class=\"gb-container gb-container-dd52debc\">\n\n<p>Agradecemos el inter\u00e9s y su rese\u00f1a a Andr\u00e9s Molinari. <\/p>\n\n\n\n<figure class=\"wp-block-image size-large\"><img decoding=\"async\" width=\"490\" height=\"1024\" src=\"https:\/\/www.fundacionrodriguezacosta.com\/wp-content\/uploads\/2025\/05\/Dona-Francisquita-7-5-25-9-32-09-490x1024.jpg\" alt=\"Andr\u00e9s Molinari. Do\u00f1a Francisquita. Un Museo para ser oido\" class=\"wp-image-11372\" srcset=\"https:\/\/www.fundacionrodriguezacosta.com\/wp-content\/uploads\/2025\/05\/Dona-Francisquita-7-5-25-9-32-09-490x1024.jpg 490w, https:\/\/www.fundacionrodriguezacosta.com\/wp-content\/uploads\/2025\/05\/Dona-Francisquita-7-5-25-9-32-09-143x300.jpg 143w, https:\/\/www.fundacionrodriguezacosta.com\/wp-content\/uploads\/2025\/05\/Dona-Francisquita-7-5-25-9-32-09.jpg 642w\" sizes=\"(max-width: 490px) 100vw, 490px\" \/><\/figure>\n\n<\/div>","protected":false},"excerpt":{"rendered":"<p>Agradecemos el inter\u00e9s y su rese\u00f1a a Andr\u00e9s Molinari.<\/p>\n","protected":false},"author":4,"featured_media":11391,"comment_status":"closed","ping_status":"closed","sticky":false,"template":"","format":"standard","meta":{"_acf_changed":false,"footnotes":""},"categories":[131,135,138,140],"tags":[19,20,29],"class_list":["post-11389","post","type-post","status-publish","format-standard","has-post-thumbnail","hentry","category-events-at-the-foundation","category-gomez-moreno-institute","category-news","category-press-and-communication","tag-actividades-culturales","tag-comiunicacion","tag-difusion","masonry-post","generate-columns","tablet-grid-50","mobile-grid-100","grid-parent","grid-25"],"acf":[],"_links":{"self":[{"href":"https:\/\/www.fundacionrodriguezacosta.com\/en\/wp-json\/wp\/v2\/posts\/11389","targetHints":{"allow":["GET"]}}],"collection":[{"href":"https:\/\/www.fundacionrodriguezacosta.com\/en\/wp-json\/wp\/v2\/posts"}],"about":[{"href":"https:\/\/www.fundacionrodriguezacosta.com\/en\/wp-json\/wp\/v2\/types\/post"}],"author":[{"embeddable":true,"href":"https:\/\/www.fundacionrodriguezacosta.com\/en\/wp-json\/wp\/v2\/users\/4"}],"replies":[{"embeddable":true,"href":"https:\/\/www.fundacionrodriguezacosta.com\/en\/wp-json\/wp\/v2\/comments?post=11389"}],"version-history":[{"count":3,"href":"https:\/\/www.fundacionrodriguezacosta.com\/en\/wp-json\/wp\/v2\/posts\/11389\/revisions"}],"predecessor-version":[{"id":11394,"href":"https:\/\/www.fundacionrodriguezacosta.com\/en\/wp-json\/wp\/v2\/posts\/11389\/revisions\/11394"}],"wp:featuredmedia":[{"embeddable":true,"href":"https:\/\/www.fundacionrodriguezacosta.com\/en\/wp-json\/wp\/v2\/media\/11391"}],"wp:attachment":[{"href":"https:\/\/www.fundacionrodriguezacosta.com\/en\/wp-json\/wp\/v2\/media?parent=11389"}],"wp:term":[{"taxonomy":"category","embeddable":true,"href":"https:\/\/www.fundacionrodriguezacosta.com\/en\/wp-json\/wp\/v2\/categories?post=11389"},{"taxonomy":"post_tag","embeddable":true,"href":"https:\/\/www.fundacionrodriguezacosta.com\/en\/wp-json\/wp\/v2\/tags?post=11389"}],"curies":[{"name":"wp","href":"https:\/\/api.w.org\/{rel}","templated":true}]}}