{"id":11361,"date":"2025-04-27T00:42:01","date_gmt":"2025-04-26T22:42:01","guid":{"rendered":"https:\/\/www.fundacionrodriguezacosta.com\/?p=11361"},"modified":"2025-04-27T00:47:49","modified_gmt":"2025-04-26T22:47:49","slug":"articulo-de-andres-molinari-el-carmen-rodriguez-acosta-escalera-al-olimpo","status":"publish","type":"post","link":"https:\/\/www.fundacionrodriguezacosta.com\/en\/blog\/articulo-de-andres-molinari-el-carmen-rodriguez-acosta-escalera-al-olimpo\/","title":{"rendered":"Art\u00edculo de Andr\u00e9s Molinari, &#8220;El Carmen Rodr\u00edguez-Acosta: escalera al Olimpo&#8221;"},"content":{"rendered":"\n<p>Esta ma\u00f1ana nos ha sorprendido el art\u00edculo de Andr\u00e9s Molinari, publicado en Ideal, <a href=\"https:\/\/www.ideal.es\/opinion\/andres-molinari-carmen-rodriguezacosta-escalera-olimpo-20250426233536-nt.html\" target=\"_blank\" rel=\"noopener\">&#8220;El Carmen Rodr\u00edguez-Acosta: escalera al Olimpo&#8221;.<\/a> Lo recogemos para nuestro archivo y agradecemos sus palabras desde aqu\u00ed.<\/p>\n\n\n\n<p><\/p>\n","protected":false},"excerpt":{"rendered":"<p>Esta ma\u00f1ana nos ha sorprendido el art\u00edculo de Andr\u00e9s Molinari, publicado en Ideal, &#8220;El Carmen Rodr\u00edguez-Acosta: escalera al Olimpo&#8221;. Lo recogemos para nuestro archivo y &#8230; <\/p>\n<p class=\"read-more-container\"><a title=\"Art\u00edculo de Andr\u00e9s Molinari, &#8220;El Carmen Rodr\u00edguez-Acosta: escalera al Olimpo&#8221;\" class=\"read-more button\" href=\"https:\/\/www.fundacionrodriguezacosta.com\/en\/blog\/articulo-de-andres-molinari-el-carmen-rodriguez-acosta-escalera-al-olimpo\/#more-11361\" aria-label=\"Read more about Art\u00edculo de Andr\u00e9s Molinari, &#8220;El Carmen Rodr\u00edguez-Acosta: escalera al Olimpo&#8221;\">READ MORE<\/a><\/p>\n","protected":false},"author":4,"featured_media":11362,"comment_status":"closed","ping_status":"0","sticky":false,"template":"","format":"standard","meta":{"_acf_changed":false,"footnotes":""},"categories":[15,59],"tags":[54,29,122],"class_list":["post-11361","post","type-post","status-publish","format-standard","has-post-thumbnail","hentry","category-novedades","category-prensa-y-comunicacion","tag-arte-y-cultura","tag-difusion","tag-prensa","masonry-post","generate-columns","tablet-grid-50","mobile-grid-100","grid-parent","grid-25"],"acf":[],"_links":{"self":[{"href":"https:\/\/www.fundacionrodriguezacosta.com\/en\/wp-json\/wp\/v2\/posts\/11361","targetHints":{"allow":["GET"]}}],"collection":[{"href":"https:\/\/www.fundacionrodriguezacosta.com\/en\/wp-json\/wp\/v2\/posts"}],"about":[{"href":"https:\/\/www.fundacionrodriguezacosta.com\/en\/wp-json\/wp\/v2\/types\/post"}],"author":[{"embeddable":true,"href":"https:\/\/www.fundacionrodriguezacosta.com\/en\/wp-json\/wp\/v2\/users\/4"}],"replies":[{"embeddable":true,"href":"https:\/\/www.fundacionrodriguezacosta.com\/en\/wp-json\/wp\/v2\/comments?post=11361"}],"version-history":[{"count":2,"href":"https:\/\/www.fundacionrodriguezacosta.com\/en\/wp-json\/wp\/v2\/posts\/11361\/revisions"}],"predecessor-version":[{"id":11366,"href":"https:\/\/www.fundacionrodriguezacosta.com\/en\/wp-json\/wp\/v2\/posts\/11361\/revisions\/11366"}],"wp:featuredmedia":[{"embeddable":true,"href":"https:\/\/www.fundacionrodriguezacosta.com\/en\/wp-json\/wp\/v2\/media\/11362"}],"wp:attachment":[{"href":"https:\/\/www.fundacionrodriguezacosta.com\/en\/wp-json\/wp\/v2\/media?parent=11361"}],"wp:term":[{"taxonomy":"category","embeddable":true,"href":"https:\/\/www.fundacionrodriguezacosta.com\/en\/wp-json\/wp\/v2\/categories?post=11361"},{"taxonomy":"post_tag","embeddable":true,"href":"https:\/\/www.fundacionrodriguezacosta.com\/en\/wp-json\/wp\/v2\/tags?post=11361"}],"curies":[{"name":"wp","href":"https:\/\/api.w.org\/{rel}","templated":true}]}}