{"id":11350,"date":"2025-04-25T14:18:29","date_gmt":"2025-04-25T12:18:29","guid":{"rendered":"https:\/\/www.fundacionrodriguezacosta.com\/?p=11350"},"modified":"2025-05-26T17:37:04","modified_gmt":"2025-05-26T15:37:04","slug":"conferencia-concierto-dona-francisquita-4-mayo-a-1100-h","status":"publish","type":"post","link":"https:\/\/www.fundacionrodriguezacosta.com\/en\/blog\/conferencia-concierto-dona-francisquita-4-mayo-a-1100-h\/","title":{"rendered":"Conferencia-concierto &#8220;Do\u00f1a Francisquita&#8221; (4, mayo a 11:00 h.)"},"content":{"rendered":"\n<p>Continuamos con la Temporada L\u00edrica de Granada! Con la colaboraci\u00f3n de Juventudes Musicales Granada y el Coro de \u00d3pera de Granada, el pr\u00f3ximo domingo 4 de mayo, a las 11:00 h. celebraremos la conferencia concierto, esta vez sobre la zarzuela, &#8220;Do\u00f1a Francisquita&#8221;<\/p>\n\n\n\n<p>Contaremos con la participaci\u00f3n de Mar\u00eda del Coral Morales (profesora de la Universidad de Granada y Ricardo J. Espigares (director de orquesta), que nos hablar\u00e1n de los pormenores de esta obra, comedia l\u00edrica en tres actos, con libreto de Federico Romero Sarachaga y Guillermo Fern\u00e1ndez-Shaw Iturralde. Est\u00e1 basada en la obra de F. L\u00f3pez de Vega,  a la que puso m\u00fasica el maestro Amadeo Vives.<\/p>\n\n\n\n<p>La conferencia estar\u00e1 ilustrada con la interpretaci\u00f3n por parte de algunos de los cantantes del reparto, de varias piezas que servir\u00e1n de apoyo en las explicaciones de los conferenciantes.<\/p>\n\n\n\n<p>El Museo G\u00f3mez-Moreno acoger\u00e1 esta actividad. Para participar en ella es necesaria, por cuestiones de aforo, la inscripci\u00f3n previa en el mail actividades@fundacionrodriguezacosta.com  \/  Los socios  de juventudes musicales pueden reservar su plaza en el mail  secretaria@juventudesmusicalesgranada.org  o el el tel\u00e9fono: 623 205 227<\/p>\n\n\n\n<p>Los mail para inscripciones dejar\u00e1n de ser atendidos a partir del viernes 2 de mayo a las 14:00 h.<\/p>\n\n\n\n<p>Se ruega puntualidad <\/p>\n\n\n\n<p>\u00a1Esperamos contad con vuestra asistencia!<\/p>\n","protected":false},"excerpt":{"rendered":"<p>Continuamos con la Temporada L\u00edrica de Granada! Con la colaboraci\u00f3n de Juventudes Musicales Granada y el Coro de \u00d3pera de Granada, el pr\u00f3ximo domingo 4 &#8230; <\/p>\n<p class=\"read-more-container\"><a title=\"Conferencia-concierto &#8220;Do\u00f1a Francisquita&#8221; (4, mayo a 11:00 h.)\" class=\"read-more button\" href=\"https:\/\/www.fundacionrodriguezacosta.com\/en\/blog\/conferencia-concierto-dona-francisquita-4-mayo-a-1100-h\/#more-11350\" aria-label=\"Read more about Conferencia-concierto &#8220;Do\u00f1a Francisquita&#8221; (4, mayo a 11:00 h.)\">READ MORE<\/a><\/p>\n","protected":false},"author":4,"featured_media":11353,"comment_status":"closed","ping_status":"closed","sticky":false,"template":"","format":"standard","meta":{"_acf_changed":false,"footnotes":""},"categories":[124,131],"tags":[19,29],"class_list":["post-11350","post","type-post","status-publish","format-standard","has-post-thumbnail","hentry","category-activities","category-events-at-the-foundation","tag-actividades-culturales","tag-difusion","masonry-post","generate-columns","tablet-grid-50","mobile-grid-100","grid-parent","grid-25"],"acf":[],"_links":{"self":[{"href":"https:\/\/www.fundacionrodriguezacosta.com\/en\/wp-json\/wp\/v2\/posts\/11350","targetHints":{"allow":["GET"]}}],"collection":[{"href":"https:\/\/www.fundacionrodriguezacosta.com\/en\/wp-json\/wp\/v2\/posts"}],"about":[{"href":"https:\/\/www.fundacionrodriguezacosta.com\/en\/wp-json\/wp\/v2\/types\/post"}],"author":[{"embeddable":true,"href":"https:\/\/www.fundacionrodriguezacosta.com\/en\/wp-json\/wp\/v2\/users\/4"}],"replies":[{"embeddable":true,"href":"https:\/\/www.fundacionrodriguezacosta.com\/en\/wp-json\/wp\/v2\/comments?post=11350"}],"version-history":[{"count":3,"href":"https:\/\/www.fundacionrodriguezacosta.com\/en\/wp-json\/wp\/v2\/posts\/11350\/revisions"}],"predecessor-version":[{"id":11357,"href":"https:\/\/www.fundacionrodriguezacosta.com\/en\/wp-json\/wp\/v2\/posts\/11350\/revisions\/11357"}],"wp:featuredmedia":[{"embeddable":true,"href":"https:\/\/www.fundacionrodriguezacosta.com\/en\/wp-json\/wp\/v2\/media\/11353"}],"wp:attachment":[{"href":"https:\/\/www.fundacionrodriguezacosta.com\/en\/wp-json\/wp\/v2\/media?parent=11350"}],"wp:term":[{"taxonomy":"category","embeddable":true,"href":"https:\/\/www.fundacionrodriguezacosta.com\/en\/wp-json\/wp\/v2\/categories?post=11350"},{"taxonomy":"post_tag","embeddable":true,"href":"https:\/\/www.fundacionrodriguezacosta.com\/en\/wp-json\/wp\/v2\/tags?post=11350"}],"curies":[{"name":"wp","href":"https:\/\/api.w.org\/{rel}","templated":true}]}}