{"id":11340,"date":"2025-04-09T20:42:50","date_gmt":"2025-04-09T18:42:50","guid":{"rendered":"https:\/\/www.fundacionrodriguezacosta.com\/?p=11340"},"modified":"2025-04-09T20:44:29","modified_gmt":"2025-04-09T18:44:29","slug":"adios-a-un-amigo-miguel-gimenez-yaguas","status":"publish","type":"post","link":"https:\/\/www.fundacionrodriguezacosta.com\/en\/blog\/adios-a-un-amigo-miguel-gimenez-yaguas\/","title":{"rendered":"Adi\u00f3s a un amigo, Miguel Gim\u00e9nez Yaguas"},"content":{"rendered":"\n<figure class=\"gb-block-image gb-block-image-21a876db\"><img decoding=\"async\" width=\"376\" height=\"411\" class=\"gb-image gb-image-21a876db\" src=\"https:\/\/www.fundacionrodriguezacosta.com\/wp-content\/uploads\/2025\/04\/PHOTO-2025-04-09-18-27-51.jpg\" alt=\"\" title=\"PHOTO-2025-04-09-18-27-51\" srcset=\"https:\/\/www.fundacionrodriguezacosta.com\/wp-content\/uploads\/2025\/04\/PHOTO-2025-04-09-18-27-51.jpg 376w, https:\/\/www.fundacionrodriguezacosta.com\/wp-content\/uploads\/2025\/04\/PHOTO-2025-04-09-18-27-51-274x300.jpg 274w\" sizes=\"(max-width: 376px) 100vw, 376px\"><\/figure>\n\n\n\n<p>Esta ma\u00f1ana nos han comunicado la triste noticia del fallecimiento de Miguel Gim\u00e9nez Yaguas. <\/p>\n\n\n\n<p>De padres granadinos, naci\u00f3 en M\u00e1laga en 1939, regresando a Granada en 1943. Fue ingeniero industrial y profesor de la Universidad de Granada. Entre otros galardones se le concedi\u00f3 la\u00a0<em>Medalla de Oro al m\u00e9rito por la ciudad de Granada<\/em>\u00a0(1996),\u00a0<em>Premio Andaluc\u00eda Andr\u00e9s de Vandelvira<\/em>\u00a0(2003) y P<em>remio Nacional de ingenier\u00eda industrial<\/em>\u00a0(2008). Adem\u00e1s de Acad\u00e9mico de la Real Academia de Bellas Artes Nuestra Se\u00f1ora de las Angustias de Granada y correspondiente de otras cuantas, Honoris Causa por la Universidad de Granada.<\/p>\n\n\n\n<p>Su esp\u00edritu inquieto estuvo siempre alerta y en defensa del Patrimonio Industrial que concentr\u00f3 la mayor parte de sus esfuerzos de difusi\u00f3n y estudio. <\/p>\n\n\n\n<p>Hoy nos unimos al sentimiento de pesar al resto de las instituciones granadinas que han valorado su esfuerzo y tes\u00f3n en la salvaguarda del Patrimonio, la historia y la regi\u00f3n de Granada.<\/p>\n\n\n\n<p>Descanse en paz<\/p>\n\n\n\n<p><\/p>\n\n\n\n<p>Anotaciones biogr\u00e1ficas en: <\/p>\n\n\n\n<p><a href=\"https:\/\/horizontegarnata.es\/miguel-gimenez-yanguas-guardian-del-patrimonio\/\" target=\"_blank\" rel=\"noopener\">&#8220;Miguel Gim\u00e9nez Yaguas: Un Guardi\u00e1n del Patrimonio: Vida, Obra y Reflexi\u00f3n&#8221; por, Jos\u00e9 A. S\u00e1ez Calvo <\/a><\/p>\n\n\n\n<p><a href=\"https:\/\/miradordeatarfe.es\/?p=49700\" target=\"_blank\" rel=\"noopener\">&#8220;El Legado de Gim\u00e9nez Yaguas&#8221; por Reynaldo Fern\u00e1ndez Manzano<\/a><\/p>\n\n\n\n<p><\/p>\n","protected":false},"excerpt":{"rendered":"<p>Esta ma\u00f1ana nos han comunicado la triste noticia del fallecimiento de Miguel Gim\u00e9nez Yaguas. De padres granadinos, naci\u00f3 en M\u00e1laga en 1939, regresando a Granada &#8230; <\/p>\n<p class=\"read-more-container\"><a title=\"Adi\u00f3s a un amigo, Miguel Gim\u00e9nez Yaguas\" class=\"read-more button\" href=\"https:\/\/www.fundacionrodriguezacosta.com\/en\/blog\/adios-a-un-amigo-miguel-gimenez-yaguas\/#more-11340\" aria-label=\"Read more about Adi\u00f3s a un amigo, Miguel Gim\u00e9nez Yaguas\">READ MORE<\/a><\/p>\n","protected":false},"author":4,"featured_media":11344,"comment_status":"closed","ping_status":"0","sticky":false,"template":"","format":"standard","meta":{"_acf_changed":false,"footnotes":""},"categories":[15],"tags":[32,54],"class_list":["post-11340","post","type-post","status-publish","format-standard","has-post-thumbnail","hentry","category-novedades","tag-aniversarios-y-efemerides","tag-arte-y-cultura","masonry-post","generate-columns","tablet-grid-50","mobile-grid-100","grid-parent","grid-25"],"acf":[],"_links":{"self":[{"href":"https:\/\/www.fundacionrodriguezacosta.com\/en\/wp-json\/wp\/v2\/posts\/11340","targetHints":{"allow":["GET"]}}],"collection":[{"href":"https:\/\/www.fundacionrodriguezacosta.com\/en\/wp-json\/wp\/v2\/posts"}],"about":[{"href":"https:\/\/www.fundacionrodriguezacosta.com\/en\/wp-json\/wp\/v2\/types\/post"}],"author":[{"embeddable":true,"href":"https:\/\/www.fundacionrodriguezacosta.com\/en\/wp-json\/wp\/v2\/users\/4"}],"replies":[{"embeddable":true,"href":"https:\/\/www.fundacionrodriguezacosta.com\/en\/wp-json\/wp\/v2\/comments?post=11340"}],"version-history":[{"count":3,"href":"https:\/\/www.fundacionrodriguezacosta.com\/en\/wp-json\/wp\/v2\/posts\/11340\/revisions"}],"predecessor-version":[{"id":11347,"href":"https:\/\/www.fundacionrodriguezacosta.com\/en\/wp-json\/wp\/v2\/posts\/11340\/revisions\/11347"}],"wp:featuredmedia":[{"embeddable":true,"href":"https:\/\/www.fundacionrodriguezacosta.com\/en\/wp-json\/wp\/v2\/media\/11344"}],"wp:attachment":[{"href":"https:\/\/www.fundacionrodriguezacosta.com\/en\/wp-json\/wp\/v2\/media?parent=11340"}],"wp:term":[{"taxonomy":"category","embeddable":true,"href":"https:\/\/www.fundacionrodriguezacosta.com\/en\/wp-json\/wp\/v2\/categories?post=11340"},{"taxonomy":"post_tag","embeddable":true,"href":"https:\/\/www.fundacionrodriguezacosta.com\/en\/wp-json\/wp\/v2\/tags?post=11340"}],"curies":[{"name":"wp","href":"https:\/\/api.w.org\/{rel}","templated":true}]}}