{"id":11321,"date":"2025-04-07T12:04:19","date_gmt":"2025-04-07T10:04:19","guid":{"rendered":"https:\/\/www.fundacionrodriguezacosta.com\/?p=11321"},"modified":"2025-07-09T00:24:11","modified_gmt":"2025-07-08T22:24:11","slug":"visita-de-7-artistas-al-jardin-de-la-fundacion-5-abril-2025","status":"publish","type":"post","link":"https:\/\/www.fundacionrodriguezacosta.com\/en\/blog\/visita-de-7-artistas-al-jardin-de-la-fundacion-5-abril-2025\/","title":{"rendered":"Visita de 7 artistas al jard\u00edn de la Fundaci\u00f3n (5, abril, 2025)"},"content":{"rendered":"\n<p>El pasado s\u00e1bado 5 de abril recibimos la visita de 7 artistas en el jard\u00edn de la Fundaci\u00f3n. Ellos fueron los promotores de esta visita art\u00edstica. Ya nos contaron que habitualmente quedan para ir en grupo a trabajar al aire libre por diversos emplazamientos de la ciudad. Para nosotros fue un placer poder recibirlos.<\/p>\n\n\n\n<p>Jes\u00fas Montoya (escultor), Francisco Jos\u00e9 S\u00e1nchez Montalb\u00e1n (fot\u00f3grafo), Rafael Peralbo (fot\u00f3grafo), Paco Pomet (ilustrador), Gabriel Hern\u00e1ndez Walta (ilustrador), Carlos Jim\u00e9nez Mart\u00edn (pintor) y Bernardino S\u00e1nchez Bayo, fueron los siete que nos acompa\u00f1aron en esta ocasi\u00f3n. Sabemos que les quedaron algunas pinceladas para terminar sus trabajos, as\u00ed que esperamos verlos de nuevo en breve. <\/p>\n\n\n\n<p>Os dejamos algunas im\u00e1genes de su visita y<a href=\"https:\/\/www.youtube.com\/shorts\/qjx_4R99KYM\" target=\"_blank\" rel=\"noopener\"> un v\u00eddeo ! <\/a>   \u00a1Gracias por elegirnos!<\/p>\n\n\n\n<figure class=\"wp-block-gallery has-nested-images columns-default is-cropped wp-block-gallery-1 is-layout-flex wp-block-gallery-is-layout-flex\">\n<figure class=\"wp-block-image size-large\"><img decoding=\"async\" width=\"1024\" height=\"768\" data-id=\"11325\" src=\"https:\/\/www.fundacionrodriguezacosta.com\/wp-content\/uploads\/2025\/04\/Foto-5-4-25-10-50-16-1024x768.jpg\" alt=\"\" class=\"wp-image-11325\" srcset=\"https:\/\/www.fundacionrodriguezacosta.com\/wp-content\/uploads\/2025\/04\/Foto-5-4-25-10-50-16-1024x768.jpg 1024w, https:\/\/www.fundacionrodriguezacosta.com\/wp-content\/uploads\/2025\/04\/Foto-5-4-25-10-50-16-300x225.jpg 300w, https:\/\/www.fundacionrodriguezacosta.com\/wp-content\/uploads\/2025\/04\/Foto-5-4-25-10-50-16-768x576.jpg 768w, https:\/\/www.fundacionrodriguezacosta.com\/wp-content\/uploads\/2025\/04\/Foto-5-4-25-10-50-16-1536x1152.jpg 1536w, https:\/\/www.fundacionrodriguezacosta.com\/wp-content\/uploads\/2025\/04\/Foto-5-4-25-10-50-16-2048x1536.jpg 2048w\" sizes=\"(max-width: 1024px) 100vw, 1024px\" \/><\/figure>\n<\/figure>\n\n\n\n<figure class=\"wp-block-image size-large\"><img decoding=\"async\" width=\"1024\" height=\"768\" src=\"https:\/\/www.fundacionrodriguezacosta.com\/wp-content\/uploads\/2025\/04\/Foto-5-4-25-10-48-28-1024x768.jpg\" alt=\"\" class=\"wp-image-11327\" srcset=\"https:\/\/www.fundacionrodriguezacosta.com\/wp-content\/uploads\/2025\/04\/Foto-5-4-25-10-48-28-1024x768.jpg 1024w, https:\/\/www.fundacionrodriguezacosta.com\/wp-content\/uploads\/2025\/04\/Foto-5-4-25-10-48-28-300x225.jpg 300w, https:\/\/www.fundacionrodriguezacosta.com\/wp-content\/uploads\/2025\/04\/Foto-5-4-25-10-48-28-768x576.jpg 768w, https:\/\/www.fundacionrodriguezacosta.com\/wp-content\/uploads\/2025\/04\/Foto-5-4-25-10-48-28-1536x1152.jpg 1536w, https:\/\/www.fundacionrodriguezacosta.com\/wp-content\/uploads\/2025\/04\/Foto-5-4-25-10-48-28-2048x1536.jpg 2048w\" sizes=\"(max-width: 1024px) 100vw, 1024px\" \/><\/figure>\n\n\n\n<figure class=\"wp-block-image size-large\"><img decoding=\"async\" width=\"1024\" height=\"768\" src=\"https:\/\/www.fundacionrodriguezacosta.com\/wp-content\/uploads\/2025\/04\/Foto-5-4-25-10-52-06-1024x768.jpg\" alt=\"\" class=\"wp-image-11329\" srcset=\"https:\/\/www.fundacionrodriguezacosta.com\/wp-content\/uploads\/2025\/04\/Foto-5-4-25-10-52-06-1024x768.jpg 1024w, https:\/\/www.fundacionrodriguezacosta.com\/wp-content\/uploads\/2025\/04\/Foto-5-4-25-10-52-06-300x225.jpg 300w, https:\/\/www.fundacionrodriguezacosta.com\/wp-content\/uploads\/2025\/04\/Foto-5-4-25-10-52-06-768x576.jpg 768w, https:\/\/www.fundacionrodriguezacosta.com\/wp-content\/uploads\/2025\/04\/Foto-5-4-25-10-52-06-1536x1152.jpg 1536w, https:\/\/www.fundacionrodriguezacosta.com\/wp-content\/uploads\/2025\/04\/Foto-5-4-25-10-52-06-2048x1536.jpg 2048w\" sizes=\"(max-width: 1024px) 100vw, 1024px\" \/><\/figure>\n\n\n\n<figure class=\"wp-block-image size-large\"><img decoding=\"async\" width=\"1024\" height=\"768\" src=\"https:\/\/www.fundacionrodriguezacosta.com\/wp-content\/uploads\/2025\/04\/Foto-5-4-25-11-14-17-1024x768.jpg\" alt=\"\" class=\"wp-image-11331\" srcset=\"https:\/\/www.fundacionrodriguezacosta.com\/wp-content\/uploads\/2025\/04\/Foto-5-4-25-11-14-17-1024x768.jpg 1024w, https:\/\/www.fundacionrodriguezacosta.com\/wp-content\/uploads\/2025\/04\/Foto-5-4-25-11-14-17-300x225.jpg 300w, https:\/\/www.fundacionrodriguezacosta.com\/wp-content\/uploads\/2025\/04\/Foto-5-4-25-11-14-17-768x576.jpg 768w, https:\/\/www.fundacionrodriguezacosta.com\/wp-content\/uploads\/2025\/04\/Foto-5-4-25-11-14-17-1536x1152.jpg 1536w, https:\/\/www.fundacionrodriguezacosta.com\/wp-content\/uploads\/2025\/04\/Foto-5-4-25-11-14-17-2048x1536.jpg 2048w\" sizes=\"(max-width: 1024px) 100vw, 1024px\" \/><\/figure>\n\n\n\n<figure class=\"wp-block-image size-large\"><img decoding=\"async\" width=\"1024\" height=\"768\" src=\"https:\/\/www.fundacionrodriguezacosta.com\/wp-content\/uploads\/2025\/04\/Foto-5-4-25-11-26-18-1024x768.jpg\" alt=\"\" class=\"wp-image-11333\" srcset=\"https:\/\/www.fundacionrodriguezacosta.com\/wp-content\/uploads\/2025\/04\/Foto-5-4-25-11-26-18-1024x768.jpg 1024w, https:\/\/www.fundacionrodriguezacosta.com\/wp-content\/uploads\/2025\/04\/Foto-5-4-25-11-26-18-300x225.jpg 300w, https:\/\/www.fundacionrodriguezacosta.com\/wp-content\/uploads\/2025\/04\/Foto-5-4-25-11-26-18-768x576.jpg 768w, https:\/\/www.fundacionrodriguezacosta.com\/wp-content\/uploads\/2025\/04\/Foto-5-4-25-11-26-18-1536x1152.jpg 1536w, https:\/\/www.fundacionrodriguezacosta.com\/wp-content\/uploads\/2025\/04\/Foto-5-4-25-11-26-18-2048x1536.jpg 2048w\" sizes=\"(max-width: 1024px) 100vw, 1024px\" \/><\/figure>\n\n\n\n<figure class=\"wp-block-image size-large\"><img decoding=\"async\" width=\"1024\" height=\"768\" src=\"https:\/\/www.fundacionrodriguezacosta.com\/wp-content\/uploads\/2025\/04\/Foto-5-4-25-11-22-33-1024x768.jpg\" alt=\"\" class=\"wp-image-11335\" srcset=\"https:\/\/www.fundacionrodriguezacosta.com\/wp-content\/uploads\/2025\/04\/Foto-5-4-25-11-22-33-1024x768.jpg 1024w, https:\/\/www.fundacionrodriguezacosta.com\/wp-content\/uploads\/2025\/04\/Foto-5-4-25-11-22-33-300x225.jpg 300w, https:\/\/www.fundacionrodriguezacosta.com\/wp-content\/uploads\/2025\/04\/Foto-5-4-25-11-22-33-768x576.jpg 768w, https:\/\/www.fundacionrodriguezacosta.com\/wp-content\/uploads\/2025\/04\/Foto-5-4-25-11-22-33-1536x1152.jpg 1536w, https:\/\/www.fundacionrodriguezacosta.com\/wp-content\/uploads\/2025\/04\/Foto-5-4-25-11-22-33-2048x1536.jpg 2048w\" sizes=\"(max-width: 1024px) 100vw, 1024px\" \/><\/figure>\n\n\n\n<figure class=\"wp-block-image size-large\"><img decoding=\"async\" width=\"768\" height=\"1024\" src=\"https:\/\/www.fundacionrodriguezacosta.com\/wp-content\/uploads\/2025\/04\/Foto-5-4-25-11-22-55-768x1024.jpg\" alt=\"\" class=\"wp-image-11337\" srcset=\"https:\/\/www.fundacionrodriguezacosta.com\/wp-content\/uploads\/2025\/04\/Foto-5-4-25-11-22-55-768x1024.jpg 768w, https:\/\/www.fundacionrodriguezacosta.com\/wp-content\/uploads\/2025\/04\/Foto-5-4-25-11-22-55-225x300.jpg 225w, https:\/\/www.fundacionrodriguezacosta.com\/wp-content\/uploads\/2025\/04\/Foto-5-4-25-11-22-55-1152x1536.jpg 1152w, https:\/\/www.fundacionrodriguezacosta.com\/wp-content\/uploads\/2025\/04\/Foto-5-4-25-11-22-55-1536x2048.jpg 1536w, https:\/\/www.fundacionrodriguezacosta.com\/wp-content\/uploads\/2025\/04\/Foto-5-4-25-11-22-55.jpg 1920w\" sizes=\"(max-width: 768px) 100vw, 768px\" \/><\/figure>\n","protected":false},"excerpt":{"rendered":"<p>El pasado s\u00e1bado 5 de abril recibimos la visita de 7 artistas en el jard\u00edn de la Fundaci\u00f3n. Ellos fueron los promotores de esta visita &#8230; <\/p>\n<p class=\"read-more-container\"><a title=\"Visita de 7 artistas al jard\u00edn de la Fundaci\u00f3n (5, abril, 2025)\" class=\"read-more button\" href=\"https:\/\/www.fundacionrodriguezacosta.com\/en\/blog\/visita-de-7-artistas-al-jardin-de-la-fundacion-5-abril-2025\/#more-11321\" aria-label=\"Read more about Visita de 7 artistas al jard\u00edn de la Fundaci\u00f3n (5, abril, 2025)\">READ MORE<\/a><\/p>\n","protected":false},"author":4,"featured_media":11322,"comment_status":"closed","ping_status":"closed","sticky":false,"template":"","format":"standard","meta":{"_acf_changed":false,"footnotes":""},"categories":[124],"tags":[54,31],"class_list":["post-11321","post","type-post","status-publish","format-standard","has-post-thumbnail","hentry","category-activities","tag-arte-y-cultura","tag-visitas","masonry-post","generate-columns","tablet-grid-50","mobile-grid-100","grid-parent","grid-25"],"acf":[],"_links":{"self":[{"href":"https:\/\/www.fundacionrodriguezacosta.com\/en\/wp-json\/wp\/v2\/posts\/11321","targetHints":{"allow":["GET"]}}],"collection":[{"href":"https:\/\/www.fundacionrodriguezacosta.com\/en\/wp-json\/wp\/v2\/posts"}],"about":[{"href":"https:\/\/www.fundacionrodriguezacosta.com\/en\/wp-json\/wp\/v2\/types\/post"}],"author":[{"embeddable":true,"href":"https:\/\/www.fundacionrodriguezacosta.com\/en\/wp-json\/wp\/v2\/users\/4"}],"replies":[{"embeddable":true,"href":"https:\/\/www.fundacionrodriguezacosta.com\/en\/wp-json\/wp\/v2\/comments?post=11321"}],"version-history":[{"count":4,"href":"https:\/\/www.fundacionrodriguezacosta.com\/en\/wp-json\/wp\/v2\/posts\/11321\/revisions"}],"predecessor-version":[{"id":11544,"href":"https:\/\/www.fundacionrodriguezacosta.com\/en\/wp-json\/wp\/v2\/posts\/11321\/revisions\/11544"}],"wp:featuredmedia":[{"embeddable":true,"href":"https:\/\/www.fundacionrodriguezacosta.com\/en\/wp-json\/wp\/v2\/media\/11322"}],"wp:attachment":[{"href":"https:\/\/www.fundacionrodriguezacosta.com\/en\/wp-json\/wp\/v2\/media?parent=11321"}],"wp:term":[{"taxonomy":"category","embeddable":true,"href":"https:\/\/www.fundacionrodriguezacosta.com\/en\/wp-json\/wp\/v2\/categories?post=11321"},{"taxonomy":"post_tag","embeddable":true,"href":"https:\/\/www.fundacionrodriguezacosta.com\/en\/wp-json\/wp\/v2\/tags?post=11321"}],"curies":[{"name":"wp","href":"https:\/\/api.w.org\/{rel}","templated":true}]}}