{"id":11277,"date":"2025-03-31T14:42:38","date_gmt":"2025-03-31T12:42:38","guid":{"rendered":"https:\/\/www.fundacionrodriguezacosta.com\/?p=11277"},"modified":"2025-07-09T00:21:08","modified_gmt":"2025-07-08T22:21:08","slug":"pintando-en-el-jardin-con-bernardino-sanchez-bayo-sabado-12-abril-2025","status":"publish","type":"post","link":"https:\/\/www.fundacionrodriguezacosta.com\/en\/blog\/pintando-en-el-jardin-con-bernardino-sanchez-bayo-sabado-12-abril-2025\/","title":{"rendered":"Pintando en el jard\u00edn con &#8230; Bernardino S\u00e1nchez Bayo (s\u00e1bado 12, abril 2025)"},"content":{"rendered":"\n<p>Para el s\u00e1bado 12 de abril, hemos programada una actividad especial con motivo de la celebraci\u00f3n del d\u00eda Internacional de los Monumentos y Sitios, que se celebra el 18 de abril de cada a\u00f1o. En esta ocasi\u00f3n, al coincidir con la Semana Santa, hemos adelantado la conmemoraci\u00f3n a una semana antes.<\/p>\n\n\n<div class=\"gb-container gb-container-cdaed574\">\n\n<p>Para esta primera edici\u00f3n de masterclass, la tem\u00e1tica va a estar centrada en el dibujo y pintura aplicados a la interpretaci\u00f3n art\u00edstica del natural. Bernardino (uno de nuestros exbecarios de pintura de paisaje) se valdr\u00e1 del referente paisaj\u00edstico incomparable que ofrecen los jardines de la Fundaci\u00f3n Rodr\u00edguez-Acosta. Esta cuesti\u00f3n la considera especialmente pr\u00e1ctica y enriquecedora para las personas que est\u00e1n en periodo de formaci\u00f3n, y sobre ella volcar\u00e1 su experiencia para dar soluci\u00f3n a la problem\u00e1tica que entra\u00f1a la representaci\u00f3n bidimensional del plano del cuadro, en la interpretaci\u00f3n de un modelo natural en tres dimensiones. &nbsp;&nbsp;&nbsp;<\/p>\n\n\n<div class=\"wp-block-image\">\n<figure class=\"alignright size-large is-resized\"><img decoding=\"async\" width=\"1024\" height=\"768\" src=\"https:\/\/www.fundacionrodriguezacosta.com\/wp-content\/uploads\/2025\/03\/Foto-28-9-24-12-39-05-1024x768.jpg\" alt=\"Bernardino en la mesa redonda sobre jardines de Pepe Tito (29, sep. 2024)\" class=\"wp-image-11278\" style=\"width:449px;height:auto\" srcset=\"https:\/\/www.fundacionrodriguezacosta.com\/wp-content\/uploads\/2025\/03\/Foto-28-9-24-12-39-05-1024x768.jpg 1024w, https:\/\/www.fundacionrodriguezacosta.com\/wp-content\/uploads\/2025\/03\/Foto-28-9-24-12-39-05-300x225.jpg 300w, https:\/\/www.fundacionrodriguezacosta.com\/wp-content\/uploads\/2025\/03\/Foto-28-9-24-12-39-05-768x576.jpg 768w, https:\/\/www.fundacionrodriguezacosta.com\/wp-content\/uploads\/2025\/03\/Foto-28-9-24-12-39-05-1536x1152.jpg 1536w, https:\/\/www.fundacionrodriguezacosta.com\/wp-content\/uploads\/2025\/03\/Foto-28-9-24-12-39-05-2048x1536.jpg 2048w\" sizes=\"(max-width: 1024px) 100vw, 1024px\" \/><\/figure>\n<\/div>\n<\/div>\n\n\n<p>En el desarrollo de la actividad se explicar\u00e1n y pondr\u00e1n en pr\u00e1ctica estrategias para afrontar con \u00e9xito la pintura y el dibujo del natural en clave figurativa y contempor\u00e1nea. Se tratar\u00e1n aspectos fundamentales como encuadre, composici\u00f3n, color, armon\u00edas, luz, forma, escala, punto de vista, soluciones pl\u00e1sticas y facturales. <\/p>\n\n\n\n<p>Es una actividad id\u00f3nea para aficionados a la pintura al aire libre. No est\u00e1 pensada para los ni\u00f1os. <\/p>\n\n\n\n<p>Cada alumno deber\u00e1 venir provisto del material necesario para el desempe\u00f1o propio de la actividad: caballete de campo, paleta, pinceles, cacharro para agua\/aguarr\u00e1s, pinturas (acr\u00edlica u \u00f3leo), dos o tres soportes para pintar, papel de protecci\u00f3n para el suelo (si se va a trabajar con acr\u00edlico u \u00f3leo) tablillas, lienzos, papel\u2026 del tama\u00f1o que considere oportuno, no menos de 30 cms ni m\u00e1s de 80 cms. por lado, trapos o rollo de papel, l\u00e1pices, carboncillos\u2026<\/p>\n\n\n\n<p>IMPORTANTE: Para participar es necesaria la inscripci\u00f3n previa por el mail actividades@fundacionrodriguezacosta.com<\/p>\n\n\n\n<p>Ser\u00e1n pocas plazas para poder dar una atenci\u00f3n de calidad a los participantes. Por lo que es posible que lo repitamos pronto. <\/p>\n\n\n\n<p>Por problemas meteorol\u00f3gicos se aplaz\u00f3 hasta el 26 de abril,y lo repetimos el 17 de mayo 2025: <a href=\"https:\/\/www.youtube.com\/shorts\/UYJTya8FL_8\" target=\"_blank\" rel=\"noopener\">Ver V\u00eddeo <\/a><\/p>\n\n\n\n<p>\u00a1Gracias a todos por participar!<\/p>\n","protected":false},"excerpt":{"rendered":"<p>Para el s\u00e1bado 12 de abril, hemos programada una actividad especial con motivo de la celebraci\u00f3n del d\u00eda Internacional de los Monumentos y Sitios, que &#8230; <\/p>\n<p class=\"read-more-container\"><a title=\"Pintando en el jard\u00edn con &#8230; Bernardino S\u00e1nchez Bayo (s\u00e1bado 12, abril 2025)\" class=\"read-more button\" href=\"https:\/\/www.fundacionrodriguezacosta.com\/en\/blog\/pintando-en-el-jardin-con-bernardino-sanchez-bayo-sabado-12-abril-2025\/#more-11277\" aria-label=\"Read more about Pintando en el jard\u00edn con &#8230; Bernardino S\u00e1nchez Bayo (s\u00e1bado 12, abril 2025)\">READ MORE<\/a><\/p>\n","protected":false},"author":4,"featured_media":11275,"comment_status":"closed","ping_status":"0","sticky":false,"template":"","format":"standard","meta":{"_acf_changed":false,"footnotes":""},"categories":[84],"tags":[19,29],"class_list":["post-11277","post","type-post","status-publish","format-standard","has-post-thumbnail","hentry","category-actividades-2","tag-actividades-culturales","tag-difusion","masonry-post","generate-columns","tablet-grid-50","mobile-grid-100","grid-parent","grid-25"],"acf":[],"_links":{"self":[{"href":"https:\/\/www.fundacionrodriguezacosta.com\/en\/wp-json\/wp\/v2\/posts\/11277","targetHints":{"allow":["GET"]}}],"collection":[{"href":"https:\/\/www.fundacionrodriguezacosta.com\/en\/wp-json\/wp\/v2\/posts"}],"about":[{"href":"https:\/\/www.fundacionrodriguezacosta.com\/en\/wp-json\/wp\/v2\/types\/post"}],"author":[{"embeddable":true,"href":"https:\/\/www.fundacionrodriguezacosta.com\/en\/wp-json\/wp\/v2\/users\/4"}],"replies":[{"embeddable":true,"href":"https:\/\/www.fundacionrodriguezacosta.com\/en\/wp-json\/wp\/v2\/comments?post=11277"}],"version-history":[{"count":5,"href":"https:\/\/www.fundacionrodriguezacosta.com\/en\/wp-json\/wp\/v2\/posts\/11277\/revisions"}],"predecessor-version":[{"id":11541,"href":"https:\/\/www.fundacionrodriguezacosta.com\/en\/wp-json\/wp\/v2\/posts\/11277\/revisions\/11541"}],"wp:featuredmedia":[{"embeddable":true,"href":"https:\/\/www.fundacionrodriguezacosta.com\/en\/wp-json\/wp\/v2\/media\/11275"}],"wp:attachment":[{"href":"https:\/\/www.fundacionrodriguezacosta.com\/en\/wp-json\/wp\/v2\/media?parent=11277"}],"wp:term":[{"taxonomy":"category","embeddable":true,"href":"https:\/\/www.fundacionrodriguezacosta.com\/en\/wp-json\/wp\/v2\/categories?post=11277"},{"taxonomy":"post_tag","embeddable":true,"href":"https:\/\/www.fundacionrodriguezacosta.com\/en\/wp-json\/wp\/v2\/tags?post=11277"}],"curies":[{"name":"wp","href":"https:\/\/api.w.org\/{rel}","templated":true}]}}