{"id":11123,"date":"2025-03-16T22:49:25","date_gmt":"2025-03-16T21:49:25","guid":{"rendered":"https:\/\/www.fundacionrodriguezacosta.com\/?p=11123"},"modified":"2025-03-17T00:23:41","modified_gmt":"2025-03-16T23:23:41","slug":"curso-maestro-giulio-zappa-con-la-temporada-lirica-de-granada-24-25","status":"publish","type":"post","link":"https:\/\/www.fundacionrodriguezacosta.com\/en\/blog\/curso-maestro-giulio-zappa-con-la-temporada-lirica-de-granada-24-25\/","title":{"rendered":"Curso maestro Giulio Zappa con la Temporada Lirica de Granada 24\/25"},"content":{"rendered":"\n<p>Este lunes 17 comenzamos la semana acogiendo el curso del maestro Giulio Zappa, organizado por la <strong>Temporada L\u00edrica de Granada <\/strong>(2024-2025).<\/p>\n\n\n\n<p>El curso internacional tiene una duraci\u00f3n de 5 d\u00edas en los que Giulio Zappa impartir\u00e1 clase a los alumnos de canto matriculados en esta edici\u00f3n. Entre las entidades colaboradoras est\u00e1 Juventudes Musicales de Granada y el Coro de Opera de Granada.<\/p>\n\n\n\n<p>Os iremos comentando. <\/p>\n\n\n\n<p>\u00a1Feliz Semana!<\/p>\n\n\n\n<p><\/p>\n","protected":false},"excerpt":{"rendered":"<p>Este lunes 17 comenzamos la semana acogiendo el curso del maestro Giulio Zappa, organizado por la Temporada L\u00edrica de Granada (2024-2025). El curso internacional tiene &#8230; <\/p>\n<p class=\"read-more-container\"><a title=\"Curso maestro Giulio Zappa con la Temporada Lirica de Granada 24\/25\" class=\"read-more button\" href=\"https:\/\/www.fundacionrodriguezacosta.com\/en\/blog\/curso-maestro-giulio-zappa-con-la-temporada-lirica-de-granada-24-25\/#more-11123\" aria-label=\"Read more about Curso maestro Giulio Zappa con la Temporada Lirica de Granada 24\/25\">READ MORE<\/a><\/p>\n","protected":false},"author":4,"featured_media":11124,"comment_status":"closed","ping_status":"0","sticky":false,"template":"","format":"standard","meta":{"_acf_changed":false,"footnotes":""},"categories":[84],"tags":[19],"class_list":["post-11123","post","type-post","status-publish","format-standard","has-post-thumbnail","hentry","category-actividades-2","tag-actividades-culturales","masonry-post","generate-columns","tablet-grid-50","mobile-grid-100","grid-parent","grid-25"],"acf":[],"_links":{"self":[{"href":"https:\/\/www.fundacionrodriguezacosta.com\/en\/wp-json\/wp\/v2\/posts\/11123","targetHints":{"allow":["GET"]}}],"collection":[{"href":"https:\/\/www.fundacionrodriguezacosta.com\/en\/wp-json\/wp\/v2\/posts"}],"about":[{"href":"https:\/\/www.fundacionrodriguezacosta.com\/en\/wp-json\/wp\/v2\/types\/post"}],"author":[{"embeddable":true,"href":"https:\/\/www.fundacionrodriguezacosta.com\/en\/wp-json\/wp\/v2\/users\/4"}],"replies":[{"embeddable":true,"href":"https:\/\/www.fundacionrodriguezacosta.com\/en\/wp-json\/wp\/v2\/comments?post=11123"}],"version-history":[{"count":2,"href":"https:\/\/www.fundacionrodriguezacosta.com\/en\/wp-json\/wp\/v2\/posts\/11123\/revisions"}],"predecessor-version":[{"id":11127,"href":"https:\/\/www.fundacionrodriguezacosta.com\/en\/wp-json\/wp\/v2\/posts\/11123\/revisions\/11127"}],"wp:featuredmedia":[{"embeddable":true,"href":"https:\/\/www.fundacionrodriguezacosta.com\/en\/wp-json\/wp\/v2\/media\/11124"}],"wp:attachment":[{"href":"https:\/\/www.fundacionrodriguezacosta.com\/en\/wp-json\/wp\/v2\/media?parent=11123"}],"wp:term":[{"taxonomy":"category","embeddable":true,"href":"https:\/\/www.fundacionrodriguezacosta.com\/en\/wp-json\/wp\/v2\/categories?post=11123"},{"taxonomy":"post_tag","embeddable":true,"href":"https:\/\/www.fundacionrodriguezacosta.com\/en\/wp-json\/wp\/v2\/tags?post=11123"}],"curies":[{"name":"wp","href":"https:\/\/api.w.org\/{rel}","templated":true}]}}